{"id":232,"date":"2012-01-26T13:43:04","date_gmt":"2012-01-26T12:43:04","guid":{"rendered":"http:\/\/talentsdailleurs.net\/?p=232"},"modified":"2012-01-26T13:46:15","modified_gmt":"2012-01-26T12:46:15","slug":"premier-article-sur-la-residence-de-mawndoe","status":"publish","type":"post","link":"http:\/\/talentsdailleurs.net\/?p=232","title":{"rendered":"Premiers articles sur la r\u00e9sidence de MAWNDOE"},"content":{"rendered":"<p>Premier article sur la r\u00e9sidence Neige au Sahel de Mawndo\u00e9 sur la <a href=\"http:\/\/www.lanouvellerepublique.fr\/Toute-zone\/Loisirs\/24H\/n\/Contenus\/Articles\/2012\/01\/26\/Mawndoe-artiste-en-residence\" target=\"_blank\">Nouvelle R\u00e9publique<\/a> et <a href=\"http:\/\/www.centre-presse.fr\/article-181858-mawndoe-artiste-en-residence.html\" target=\"_blank\">Centre Presse <\/a><\/p>\n<p>Ci dssous article de la correspondante de presse Marie-Pierre Pineau<\/p>\n<div id=\"articleCategories\">Vienne &#8211; Loudun &#8211; Musique<\/div>\n<h1>Mawndo\u00e9, artiste en r\u00e9sidence<\/h1>\n<div id=\"articleDate\">26\/01\/2012 05:35<\/div>\n<div><\/div>\n<p id=\"articleChapo\">Le chanteur burkinab\u00e9 du groupe Yeleen, Mawndo\u00e9, est l\u2019invit\u00e9 de la nouvelle r\u00e9sidence de cr\u00e9ation \u201c\u00a0Neige au Sahel\u00a0\u201d, \u00e0 l\u2019Espace culturel Ren\u00e9-Monory.<\/p>\n<div id=\"imageArticleSeul\"><a title=\"Avant d'entamer une carri\u00e8re solo, Manwdo\u00e9 faisait partie du groupe Yeleen avec Smarty. - (Photo archives)\" href=\"http:\/\/www.lanouvellerepublique.fr\/var\/nrv2\/storage\/images\/contenus\/articles\/2012\/01\/26\/mawndoe-artiste-en-residence\/15407500-1-fre-FR\/Mawndoe-artiste-en-residence_reference.jpg\" target=\"_blank\"> <img decoding=\"async\" loading=\"lazy\" title=\"Avant d'entamer une carri\u00e8re solo, Manwdo\u00e9 faisait partie du groupe Yeleen avec Smarty. - (Photo archives)\" src=\"http:\/\/www.lanouvellerepublique.fr\/var\/nrv2\/storage\/images\/contenus\/articles\/2012\/01\/26\/mawndoe-artiste-en-residence\/15407500-1-fre-FR\/Mawndoe-artiste-en-residence_image_article_large.jpg\" alt=\"Avant d'entamer une carri\u00e8re solo, Manwdo\u00e9 faisait partie du groupe Yeleen avec Smarty.\" width=\"488\" height=\"287\" \/> <\/a> Avant d&rsquo;entamer une carri\u00e8re solo, Manwdo\u00e9 faisait partie du groupe Yeleen avec Smarty. &#8211; (Photo archives)<\/div>\n<div id=\"text\">\n<p>Ce n&rsquo;est pas un inconnu que l&rsquo;association \u00ab\u00a0Talents d&rsquo;ailleurs\u00a0\u00bb accompagne dans la r\u00e9sidence d&rsquo;artistes, \u00ab\u00a0Neige au Sahel\u00a0\u00bb, qui sera,<em><strong> <\/strong><\/em>du 30\u00a0janvier au 10\u00a0f\u00e9vrier, \u00e0 l&rsquo;espace culturel Ren\u00e9-Monory. C\u00e9lestin Maoundou\u00e9, tchadien d&rsquo;origine, plus connu sous le nom de Mawndo\u00e9, consacre sa vie \u00e0 l&rsquo;art\u2009: il est chanteur, compositeur, sculpteur et directeur artistique.<\/p>\n<p>Au Tchad, le jeune homme arr\u00eate ses \u00e9tudes et rejoint le Burkina-Faso pour se consacrer \u00e0 la musique. Il fonde en 2000 avec Louis Salif Kieki\u00e9ta, le groupe Yeleen. Un groupe qui devient tr\u00e8s vite une r\u00e9f\u00e9rence en Afrique. En France aussi, puisque le groupe est invit\u00e9 aux Francophonies en Limousin en 2006 et \u00e0 la F\u00eate de la musique en Poitou-Charentes en 2007. Ann\u00e9e o\u00f9 il re\u00e7oit le \u00ab\u00a0Kund\u00e9 d&rsquo;or\u00a0\u00bb, r\u00e9compense supr\u00eame au Burkina Faso. En 2009, le quatri\u00e8me album \u00ab\u00a0L&rsquo;\u0153il de Dieu\u00a0\u00bb est r\u00e9alis\u00e9 en Poitou-Charentes. A ce jour, Mawndo\u00e9 a \u00e9crit plus d&rsquo;une centaine de chansons dans les trois langues qui l&rsquo;ont berc\u00e9, le ngambay, l&rsquo;arabe et le fran\u00e7ais. Pendant dix ans, Yeleen se produit en Afrique, en Europe et au Canada. Mais les deux leaders du groupe d\u00e9cident de se consacrer \u00e0 une carri\u00e8re solo. A Loudun, c&rsquo;est autour de nouvelles compositions qu&rsquo;il travaille, accompagn\u00e9 de musiciens poitevins, Kim Dan Le Oc Mach au violon, Richard Puaud \u00e0 la contrebasse, Manuel Gablain au piano, J\u00e9r\u00f4me Henry \u00e0 la batterie, Val\u00e9ry Bertrand \u00e0 la guitare et l&rsquo;artiste loudunais Mahama Kon\u00e9 aux percussions.<\/p>\n<p><strong>A la rencontre des Loudunais<\/strong><\/p>\n<p>C&rsquo;est d&rsquo;ailleurs avec celui-ci que Mawndo\u00e9 rencontrera, dans un premier temps, du 23 au 28\u00a0janvier les lyc\u00e9ens loudunais, les \u00e9l\u00e8ves de l&rsquo;\u00e9cole de musique municipale et des membres d&rsquo;associations. Pendant la r\u00e9sidence, des temps seront am\u00e9nag\u00e9s pour recevoir des groupes. Une rencontre privil\u00e9gi\u00e9e sera organis\u00e9e mercredi 8\u00a0f\u00e9vrier \u00e0 19\u2009h\u200930, au restaurant \u00ab\u00a0Le Cordon bleu\u00a0\u00bb du lyc\u00e9e Marc-Godrie. Le concert de fin de r\u00e9sidence se d\u00e9roulera vendredi 10\u00a0f\u00e9vrier \u00e0 20\u2009h\u200930 \u00e0 l&rsquo;Espace culturel Ren\u00e9-Monory. A l&rsquo;issue de la r\u00e9sidence, du 13 au 19\u00a0f\u00e9vrier, Mawndo\u00e9 sera \u00e9galement disponible pour rencontrer la population loudunaise.<\/p>\n<\/div>\n<div>Corr. Marie-Pierre Pineau<\/div>\n","protected":false},"excerpt":{"rendered":"<p>Premier article sur la r\u00e9sidence Neige au Sahel de Mawndo\u00e9 sur la Nouvelle R\u00e9publique et Centre Presse Ci dssous article de la correspondante de presse Marie-Pierre Pineau Vienne &#8211; Loudun &#8211; Musique Mawndo\u00e9, artiste en r\u00e9sidence 26\/01\/2012 05:35 Le chanteur burkinab\u00e9 du groupe Yeleen, Mawndo\u00e9, est l\u2019invit\u00e9 de la nouvelle r\u00e9sidence de cr\u00e9ation \u201c\u00a0Neige au &hellip; <a href=\"http:\/\/talentsdailleurs.net\/?p=232\" class=\"more-link\">Continuer la lecture de <span class=\"screen-reader-text\">Premiers articles sur la r\u00e9sidence de MAWNDOE<\/span>  <span class=\"meta-nav\">&rarr;<\/span><\/a><\/p>\n","protected":false},"author":1,"featured_media":0,"comment_status":"closed","ping_status":"open","sticky":false,"template":"","format":"standard","meta":[],"categories":[1],"tags":[],"_links":{"self":[{"href":"http:\/\/talentsdailleurs.net\/index.php?rest_route=\/wp\/v2\/posts\/232"}],"collection":[{"href":"http:\/\/talentsdailleurs.net\/index.php?rest_route=\/wp\/v2\/posts"}],"about":[{"href":"http:\/\/talentsdailleurs.net\/index.php?rest_route=\/wp\/v2\/types\/post"}],"author":[{"embeddable":true,"href":"http:\/\/talentsdailleurs.net\/index.php?rest_route=\/wp\/v2\/users\/1"}],"replies":[{"embeddable":true,"href":"http:\/\/talentsdailleurs.net\/index.php?rest_route=%2Fwp%2Fv2%2Fcomments&post=232"}],"version-history":[{"count":4,"href":"http:\/\/talentsdailleurs.net\/index.php?rest_route=\/wp\/v2\/posts\/232\/revisions"}],"predecessor-version":[{"id":234,"href":"http:\/\/talentsdailleurs.net\/index.php?rest_route=\/wp\/v2\/posts\/232\/revisions\/234"}],"wp:attachment":[{"href":"http:\/\/talentsdailleurs.net\/index.php?rest_route=%2Fwp%2Fv2%2Fmedia&parent=232"}],"wp:term":[{"taxonomy":"category","embeddable":true,"href":"http:\/\/talentsdailleurs.net\/index.php?rest_route=%2Fwp%2Fv2%2Fcategories&post=232"},{"taxonomy":"post_tag","embeddable":true,"href":"http:\/\/talentsdailleurs.net\/index.php?rest_route=%2Fwp%2Fv2%2Ftags&post=232"}],"curies":[{"name":"wp","href":"https:\/\/api.w.org\/{rel}","templated":true}]}}