{"id":243,"date":"2012-01-27T20:51:42","date_gmt":"2012-01-27T19:51:42","guid":{"rendered":"http:\/\/talentsdailleurs.net\/?p=243"},"modified":"2012-01-29T20:16:42","modified_gmt":"2012-01-29T19:16:42","slug":"toute-une-equipe-mobilisee-pour-neige-au-sahel-de-mawndoe","status":"publish","type":"post","link":"http:\/\/talentsdailleurs.net\/?p=243","title":{"rendered":"Toute une \u00e9quipe mobilis\u00e9e pour Neige au Sahel de Mawndo\u00e9"},"content":{"rendered":"<p>Un projet comme la r\u00e9sidence de cr\u00e9ation \u00ab\u00a0Neige au Sahel\u00a0\u00bb mobilise de nombreux b\u00e9n\u00e9voles, que ce soit pour l&rsquo;affichage, la m\u00e9diation culturelle, la confection des repas, l&rsquo;administration, la communication, &#8230;.<\/p>\n<p>Plusieurs b\u00e9n\u00e9voles se sont mis au service de cette r\u00e9sidence :<\/p>\n<ul>\n<li>Marie H\u00e9l\u00e8ne<\/li>\n<li>Marie<\/li>\n<li>Jo\u00eblle<\/li>\n<li>Adeline<\/li>\n<li>Brigitte<\/li>\n<li>Isabelle<\/li>\n<li>Vincent<\/li>\n<li>Patrick<\/li>\n<li>Laurent<\/li>\n<li>Alain<\/li>\n<\/ul>\n<p>Merci aux autres, m\u00eame si ils sont loin de Poitiers, qui nous soutiennent<\/p>\n<ul>\n<li>Guy<\/li>\n<li>Danielle<\/li>\n<li>Anita<\/li>\n<\/ul>\n<p>Merci \u00e0 tous ceux aussi qui nous apportent leur aide.<\/p>\n<ul>\n<li>Nadia<\/li>\n<li>Natacha<\/li>\n<li>Philippe<\/li>\n<li>Marie<\/li>\n<li>Jean Louis<\/li>\n<li>Cl\u00e9ment<\/li>\n<li>Les \u00e9l\u00e8ves du lyc\u00e9e Guy Chauvet<\/li>\n<li>Les \u00e9tudiants de l&rsquo;IUT de Ch\u00e2tellerault<\/li>\n<\/ul>\n<p>Et merci aux artistes<\/p>\n<ul>\n<li>Manuel<\/li>\n<li>Kim<\/li>\n<li>Val\u00e9ry<\/li>\n<li>J\u00e9r\u00f4me<\/li>\n<li>Richard<\/li>\n<li>Mahama<\/li>\n<li>C\u00e9lestin<\/li>\n<\/ul>\n<p>Merci \u00e0 vous tous qui permettez la r\u00e9alisation d&rsquo;un beau projet<\/p>\n<p>La pr\u00e9sidente de TdA<\/p>\n<p>Esther<\/p>\n<p>&nbsp;<\/p>\n<p>&nbsp;<\/p>\n","protected":false},"excerpt":{"rendered":"<p>Un projet comme la r\u00e9sidence de cr\u00e9ation \u00ab\u00a0Neige au Sahel\u00a0\u00bb mobilise de nombreux b\u00e9n\u00e9voles, que ce soit pour l&rsquo;affichage, la m\u00e9diation culturelle, la confection des repas, l&rsquo;administration, la communication, &#8230;. Plusieurs b\u00e9n\u00e9voles se sont mis au service de cette r\u00e9sidence : Marie H\u00e9l\u00e8ne Marie Jo\u00eblle Adeline Brigitte Isabelle Vincent Patrick Laurent Alain Merci aux autres, &hellip; <a href=\"http:\/\/talentsdailleurs.net\/?p=243\" class=\"more-link\">Continuer la lecture de <span class=\"screen-reader-text\">Toute une \u00e9quipe mobilis\u00e9e pour Neige au Sahel de Mawndo\u00e9<\/span>  <span class=\"meta-nav\">&rarr;<\/span><\/a><\/p>\n","protected":false},"author":1,"featured_media":0,"comment_status":"closed","ping_status":"open","sticky":false,"template":"","format":"standard","meta":[],"categories":[1],"tags":[],"_links":{"self":[{"href":"http:\/\/talentsdailleurs.net\/index.php?rest_route=\/wp\/v2\/posts\/243"}],"collection":[{"href":"http:\/\/talentsdailleurs.net\/index.php?rest_route=\/wp\/v2\/posts"}],"about":[{"href":"http:\/\/talentsdailleurs.net\/index.php?rest_route=\/wp\/v2\/types\/post"}],"author":[{"embeddable":true,"href":"http:\/\/talentsdailleurs.net\/index.php?rest_route=\/wp\/v2\/users\/1"}],"replies":[{"embeddable":true,"href":"http:\/\/talentsdailleurs.net\/index.php?rest_route=%2Fwp%2Fv2%2Fcomments&post=243"}],"version-history":[{"count":3,"href":"http:\/\/talentsdailleurs.net\/index.php?rest_route=\/wp\/v2\/posts\/243\/revisions"}],"predecessor-version":[{"id":245,"href":"http:\/\/talentsdailleurs.net\/index.php?rest_route=\/wp\/v2\/posts\/243\/revisions\/245"}],"wp:attachment":[{"href":"http:\/\/talentsdailleurs.net\/index.php?rest_route=%2Fwp%2Fv2%2Fmedia&parent=243"}],"wp:term":[{"taxonomy":"category","embeddable":true,"href":"http:\/\/talentsdailleurs.net\/index.php?rest_route=%2Fwp%2Fv2%2Fcategories&post=243"},{"taxonomy":"post_tag","embeddable":true,"href":"http:\/\/talentsdailleurs.net\/index.php?rest_route=%2Fwp%2Fv2%2Ftags&post=243"}],"curies":[{"name":"wp","href":"https:\/\/api.w.org\/{rel}","templated":true}]}}