{"id":250,"date":"2012-01-31T23:15:46","date_gmt":"2012-01-31T22:15:46","guid":{"rendered":"http:\/\/talentsdailleurs.net\/?p=250"},"modified":"2012-01-31T23:23:54","modified_gmt":"2012-01-31T22:23:54","slug":"excellent-demarrage-de-la-residence-de-creation-neige-au-sahel","status":"publish","type":"post","link":"http:\/\/talentsdailleurs.net\/?p=250","title":{"rendered":"Excellent d\u00e9marrage de la r\u00e9sidence de cr\u00e9ation \u00ab\u00a0Neige au Sahel\u00a0\u00bb"},"content":{"rendered":"<p>La neige \u00e9t<a href=\"http:\/\/talentsdailleurs.net\/wp-content\/uploads\/2012\/01\/Celestin_1_cs5a1.jpg\"><img decoding=\"async\" loading=\"lazy\" class=\"alignleft size-medium wp-image-253\" title=\"neige au rendez vous ce lundi 30 janvier\" src=\"http:\/\/talentsdailleurs.net\/wp-content\/uploads\/2012\/01\/Celestin_1_cs5a1-224x300.jpg\" alt=\"\" width=\"224\" height=\"300\" srcset=\"http:\/\/talentsdailleurs.net\/wp-content\/uploads\/2012\/01\/Celestin_1_cs5a1-224x300.jpg 224w, http:\/\/talentsdailleurs.net\/wp-content\/uploads\/2012\/01\/Celestin_1_cs5a1-764x1024.jpg 764w, http:\/\/talentsdailleurs.net\/wp-content\/uploads\/2012\/01\/Celestin_1_cs5a1.jpg 1936w\" sizes=\"(max-width: 224px) 100vw, 224px\" \/><\/a>ait au rendez vous ce lundi 30 janvier pour le d\u00e9marrage de la r\u00e9sidence de cr\u00e9ation &lsquo;neige au Sahel\u00a0\u00bb. La neige a d&rsquo;ailleurs t\u00e9moign\u00e9 de sa solidarit\u00e9 toute la journ\u00e9e, obligeant notre b\u00e9n\u00e9vole charg\u00e9e des repas \u00e0 dormir sur place.<\/p>\n<p>Apr\u00e8s deux jours de r\u00e9sidence, les premiers\u00a0 r\u00e9sultats sont exceptionnels; il semble que nous assistons \u00e0 la naissance d&rsquo;un tr\u00e8s grand groupe.<\/p>\n<p>Merci \u00e0 nos partenaires la R\u00e9gion Poitou Charentes et\u00a0 la ville de Loudun pour leur aide et leur accueil.<\/p>\n","protected":false},"excerpt":{"rendered":"<p>La neige \u00e9tait au rendez vous ce lundi 30 janvier pour le d\u00e9marrage de la r\u00e9sidence de cr\u00e9ation &lsquo;neige au Sahel\u00a0\u00bb. La neige a d&rsquo;ailleurs t\u00e9moign\u00e9 de sa solidarit\u00e9 toute la journ\u00e9e, obligeant notre b\u00e9n\u00e9vole charg\u00e9e des repas \u00e0 dormir sur place. Apr\u00e8s deux jours de r\u00e9sidence, les premiers\u00a0 r\u00e9sultats sont exceptionnels; il semble que &hellip; <a href=\"http:\/\/talentsdailleurs.net\/?p=250\" class=\"more-link\">Continuer la lecture de <span class=\"screen-reader-text\">Excellent d\u00e9marrage de la r\u00e9sidence de cr\u00e9ation \u00ab\u00a0Neige au Sahel\u00a0\u00bb<\/span>  <span class=\"meta-nav\">&rarr;<\/span><\/a><\/p>\n","protected":false},"author":1,"featured_media":0,"comment_status":"closed","ping_status":"open","sticky":false,"template":"","format":"standard","meta":[],"categories":[1],"tags":[],"_links":{"self":[{"href":"http:\/\/talentsdailleurs.net\/index.php?rest_route=\/wp\/v2\/posts\/250"}],"collection":[{"href":"http:\/\/talentsdailleurs.net\/index.php?rest_route=\/wp\/v2\/posts"}],"about":[{"href":"http:\/\/talentsdailleurs.net\/index.php?rest_route=\/wp\/v2\/types\/post"}],"author":[{"embeddable":true,"href":"http:\/\/talentsdailleurs.net\/index.php?rest_route=\/wp\/v2\/users\/1"}],"replies":[{"embeddable":true,"href":"http:\/\/talentsdailleurs.net\/index.php?rest_route=%2Fwp%2Fv2%2Fcomments&post=250"}],"version-history":[{"count":5,"href":"http:\/\/talentsdailleurs.net\/index.php?rest_route=\/wp\/v2\/posts\/250\/revisions"}],"predecessor-version":[{"id":257,"href":"http:\/\/talentsdailleurs.net\/index.php?rest_route=\/wp\/v2\/posts\/250\/revisions\/257"}],"wp:attachment":[{"href":"http:\/\/talentsdailleurs.net\/index.php?rest_route=%2Fwp%2Fv2%2Fmedia&parent=250"}],"wp:term":[{"taxonomy":"category","embeddable":true,"href":"http:\/\/talentsdailleurs.net\/index.php?rest_route=%2Fwp%2Fv2%2Fcategories&post=250"},{"taxonomy":"post_tag","embeddable":true,"href":"http:\/\/talentsdailleurs.net\/index.php?rest_route=%2Fwp%2Fv2%2Ftags&post=250"}],"curies":[{"name":"wp","href":"https:\/\/api.w.org\/{rel}","templated":true}]}}