{"id":348,"date":"2012-07-22T19:31:58","date_gmt":"2012-07-22T17:31:58","guid":{"rendered":"http:\/\/talentsdailleurs.net\/?p=348"},"modified":"2012-07-22T20:01:40","modified_gmt":"2012-07-22T18:01:40","slug":"le-burkina-faso-et-le-tchad-en-preparation","status":"publish","type":"post","link":"http:\/\/talentsdailleurs.net\/?p=348","title":{"rendered":"Le Burkina Faso et le Tchad en pr\u00e9paration"},"content":{"rendered":"<p>Pr\u00e9paration de plusieurs concerts au Burkina Faso et au Tchad pour Mawndo\u00e9<\/p>\n<p>&nbsp;<\/p>\n<p>&nbsp;<\/p>\n<p><a href=\"http:\/\/talentsdailleurs.net\/wp-content\/uploads\/2012\/07\/affiche-concert-tchad.jpg\"><img decoding=\"async\" loading=\"lazy\" class=\"alignleft size-large wp-image-350\" title=\"Concerts au Tchad\" src=\"http:\/\/talentsdailleurs.net\/wp-content\/uploads\/2012\/07\/affiche-concert-tchad-723x1024.jpg\" alt=\"\" width=\"324\" height=\"459\" srcset=\"http:\/\/talentsdailleurs.net\/wp-content\/uploads\/2012\/07\/affiche-concert-tchad-723x1024.jpg 723w, http:\/\/talentsdailleurs.net\/wp-content\/uploads\/2012\/07\/affiche-concert-tchad-212x300.jpg 212w, http:\/\/talentsdailleurs.net\/wp-content\/uploads\/2012\/07\/affiche-concert-tchad.jpg 1240w\" sizes=\"(max-width: 324px) 100vw, 324px\" \/><\/a><\/p>\n<p>&nbsp;<\/p>\n<p>&nbsp;<\/p>\n<p>&nbsp;<\/p>\n<p>&nbsp;<\/p>\n<p>&nbsp;<\/p>\n<p>&nbsp;<\/p>\n<p>&nbsp;<\/p>\n<p>&nbsp;<\/p>\n<p>&nbsp;<\/p>\n<p>&nbsp;<\/p>\n<p>&nbsp;<\/p>\n<p>&nbsp;<\/p>\n<p>&nbsp;<\/p>\n<p>&nbsp;<\/p>\n<p>&nbsp;<\/p>\n","protected":false},"excerpt":{"rendered":"<p>Pr\u00e9paration de plusieurs concerts au Burkina Faso et au Tchad pour Mawndo\u00e9 &nbsp; &nbsp; &nbsp; &nbsp; &nbsp; &nbsp; &nbsp; &nbsp; &nbsp; &nbsp; &nbsp; &nbsp; &nbsp; &nbsp; &nbsp; &nbsp; &nbsp;<\/p>\n","protected":false},"author":1,"featured_media":0,"comment_status":"closed","ping_status":"open","sticky":false,"template":"","format":"standard","meta":[],"categories":[1],"tags":[],"_links":{"self":[{"href":"http:\/\/talentsdailleurs.net\/index.php?rest_route=\/wp\/v2\/posts\/348"}],"collection":[{"href":"http:\/\/talentsdailleurs.net\/index.php?rest_route=\/wp\/v2\/posts"}],"about":[{"href":"http:\/\/talentsdailleurs.net\/index.php?rest_route=\/wp\/v2\/types\/post"}],"author":[{"embeddable":true,"href":"http:\/\/talentsdailleurs.net\/index.php?rest_route=\/wp\/v2\/users\/1"}],"replies":[{"embeddable":true,"href":"http:\/\/talentsdailleurs.net\/index.php?rest_route=%2Fwp%2Fv2%2Fcomments&post=348"}],"version-history":[{"count":18,"href":"http:\/\/talentsdailleurs.net\/index.php?rest_route=\/wp\/v2\/posts\/348\/revisions"}],"predecessor-version":[{"id":353,"href":"http:\/\/talentsdailleurs.net\/index.php?rest_route=\/wp\/v2\/posts\/348\/revisions\/353"}],"wp:attachment":[{"href":"http:\/\/talentsdailleurs.net\/index.php?rest_route=%2Fwp%2Fv2%2Fmedia&parent=348"}],"wp:term":[{"taxonomy":"category","embeddable":true,"href":"http:\/\/talentsdailleurs.net\/index.php?rest_route=%2Fwp%2Fv2%2Fcategories&post=348"},{"taxonomy":"post_tag","embeddable":true,"href":"http:\/\/talentsdailleurs.net\/index.php?rest_route=%2Fwp%2Fv2%2Ftags&post=348"}],"curies":[{"name":"wp","href":"https:\/\/api.w.org\/{rel}","templated":true}]}}