{"id":407,"date":"2012-10-22T17:04:46","date_gmt":"2012-10-22T15:04:46","guid":{"rendered":"http:\/\/talentsdailleurs.net\/?p=407"},"modified":"2012-10-22T17:04:46","modified_gmt":"2012-10-22T15:04:46","slug":"mawndoe-au-burkina-faso","status":"publish","type":"post","link":"http:\/\/talentsdailleurs.net\/?p=407","title":{"rendered":"Mawndo\u00e9 au Burkina Faso"},"content":{"rendered":"<p>Pendant 2 mois Mawndo\u00e9 \u00e9tait au Burkina Faso pour pr\u00e9senter son disque DAARI.<\/p>\n<p>Outre les retrouvailles avec cette terre qu&rsquo;il affectionne tout particuli\u00e8rement et dont maintenant il est membre \u00e0 part enti\u00e8re puisqu&rsquo;il a eu sa nationalit\u00e9 Burkinab\u00e9, Mawndo\u00e9 a \u00a0organis\u00e9 plusieurs concerts :<\/p>\n<p>Les 21 et 22 septembre \u00e0 l&rsquo;Institut Fran\u00e7ais de Bobo Dioulasso<\/p>\n<p>Le 29 septembre \u00e0 la maison du Peuple de Ouagadougou<\/p>\n<p>Le 6 octobre, toujours \u00e0 Ouagadougou puis \u00e0 Koufdougou<\/p>\n<p>LE 10 octobre, concert \u00e0 P\u00f4 devant le Pr\u00e9sident du Faso et le Pr\u00e9sident de la R\u00e9pu et blique du Niger<\/p>\n<p>Le 11 octobre, concert populaire \u00e0 P\u00f4<\/p>\n<p>&nbsp;<\/p>\n<p>Emission de t\u00e9l\u00e9vision (t\u00e9l\u00e9agenda, 9A se passe \u00e0 la t\u00e9l\u00e9, rendez vous des stars,&#8230;.) radio, conf\u00e9rence de presse se sont\u00a0encha\u00een\u00e9es\u00a0et deux clip ont \u00e9t\u00e9 tourn\u00e9s.<\/p>\n<p>&nbsp;<\/p>\n<p>Mawndo\u00e9 a pu \u00e9galement remettre 1200 000 FCFA pour la construction du mur de l&rsquo;\u00e9cole Songr\u00e9. Ce projet lui tenait \u00e0 coeur depuis plus d&rsquo;un an.<\/p>\n<p>&nbsp;<\/p>\n<p>Quelques liens :<\/p>\n<p>&nbsp;<\/p>\n<p><a href=\"http:\/\/www.youtube.com\/watch?v=esXa744AZAI\">http:\/\/www.youtube.com\/watch?v=esXa744AZAI<\/a><\/p>\n<p><a href=\"http:\/\/burkina24.com\/news\/2012\/09\/rdv-des-stars-burkina-24-recoit-mawndoe\/\">http:\/\/burkina24.com\/news\/2012\/09\/rdv-des-stars-burkina-24-recoit-mawndoe\/<\/a><\/p>\n<p><a href=\"http:\/\/burkina24.com\/news\/2012\/10\/concert-live-de-mawndoe-a-ouagadougou-la-soiree-dans-les-moindres-details\/\">http:\/\/burkina24.com\/news\/2012\/10\/concert-live-de-mawndoe-a-ouagadougou-la-soiree-dans-les-moindres-details\/<\/a><\/p>\n<p><a href=\"http:\/\/www.rtb.bf\/culture\/article\/concert-mandowe-a-ouagadougou-l\">http:\/\/www.rtb.bf\/culture\/article\/concert-mandowe-a-ouagadougou-l<\/a><\/p>\n<p><a href=\"http:\/\/www.rtb.bf\/culture\/article\/mandowe-remet-1-200-000-f-cfa-pour\">http:\/\/www.rtb.bf\/culture\/article\/mandowe-remet-1-200-000-f-cfa-pour<\/a><\/p>\n<p>&nbsp;<\/p>\n<p><a href=\"http:\/\/talentsdailleurs.net\/wp-content\/uploads\/2012\/10\/propectus-mur-\u00e9cole.pdf\">Pr\u00e9sentation projet mur de l&rsquo;\u00e9cole<\/a><\/p>\n","protected":false},"excerpt":{"rendered":"<p>Pendant 2 mois Mawndo\u00e9 \u00e9tait au Burkina Faso pour pr\u00e9senter son disque DAARI. Outre les retrouvailles avec cette terre qu&rsquo;il affectionne tout particuli\u00e8rement et dont maintenant il est membre \u00e0 part enti\u00e8re puisqu&rsquo;il a eu sa nationalit\u00e9 Burkinab\u00e9, Mawndo\u00e9 a \u00a0organis\u00e9 plusieurs concerts : Les 21 et 22 septembre \u00e0 l&rsquo;Institut Fran\u00e7ais de Bobo Dioulasso &hellip; <a href=\"http:\/\/talentsdailleurs.net\/?p=407\" class=\"more-link\">Continuer la lecture de <span class=\"screen-reader-text\">Mawndo\u00e9 au Burkina Faso<\/span>  <span class=\"meta-nav\">&rarr;<\/span><\/a><\/p>\n","protected":false},"author":1,"featured_media":0,"comment_status":"closed","ping_status":"open","sticky":false,"template":"","format":"standard","meta":[],"categories":[1],"tags":[],"_links":{"self":[{"href":"http:\/\/talentsdailleurs.net\/index.php?rest_route=\/wp\/v2\/posts\/407"}],"collection":[{"href":"http:\/\/talentsdailleurs.net\/index.php?rest_route=\/wp\/v2\/posts"}],"about":[{"href":"http:\/\/talentsdailleurs.net\/index.php?rest_route=\/wp\/v2\/types\/post"}],"author":[{"embeddable":true,"href":"http:\/\/talentsdailleurs.net\/index.php?rest_route=\/wp\/v2\/users\/1"}],"replies":[{"embeddable":true,"href":"http:\/\/talentsdailleurs.net\/index.php?rest_route=%2Fwp%2Fv2%2Fcomments&post=407"}],"version-history":[{"count":1,"href":"http:\/\/talentsdailleurs.net\/index.php?rest_route=\/wp\/v2\/posts\/407\/revisions"}],"predecessor-version":[{"id":409,"href":"http:\/\/talentsdailleurs.net\/index.php?rest_route=\/wp\/v2\/posts\/407\/revisions\/409"}],"wp:attachment":[{"href":"http:\/\/talentsdailleurs.net\/index.php?rest_route=%2Fwp%2Fv2%2Fmedia&parent=407"}],"wp:term":[{"taxonomy":"category","embeddable":true,"href":"http:\/\/talentsdailleurs.net\/index.php?rest_route=%2Fwp%2Fv2%2Fcategories&post=407"},{"taxonomy":"post_tag","embeddable":true,"href":"http:\/\/talentsdailleurs.net\/index.php?rest_route=%2Fwp%2Fv2%2Ftags&post=407"}],"curies":[{"name":"wp","href":"https:\/\/api.w.org\/{rel}","templated":true}]}}