{"id":422,"date":"2012-11-25T11:39:03","date_gmt":"2012-11-25T10:39:03","guid":{"rendered":"http:\/\/talentsdailleurs.net\/?p=422"},"modified":"2012-11-25T11:39:03","modified_gmt":"2012-11-25T10:39:03","slug":"apres-les-concerts-du-burkina-faso-preparation-de-ceux-du-tchad","status":"publish","type":"post","link":"http:\/\/talentsdailleurs.net\/?p=422","title":{"rendered":"Apr\u00e9s les concerts du Burkina Faso- Pr\u00e9paration de ceux du Tchad"},"content":{"rendered":"<p>MAwndo\u00e9 est parti au mois de septembre et octobre au Burkina Faso pour y pr\u00e9senter son album DAARI .\u00a0Talents d&rsquo;Ailleurs a\u00a0 \u00e9t\u00e9 au cot\u00e9s de Mawndo\u00e9 pour l&rsquo;accompagner dans ses dossiers administratifs pour le Burkina Et a pu envoyer Val\u00e9ry Bertrand, le guitariste au Burkina . Superbe exp\u00e9rience pour Val\u00e9ry, conquis par ce pays.<\/p>\n<p>Apr\u00e8s cette\u00a0 s\u00e9rie de concerts au Burkina\u00a0 ( Institut Fran\u00e7ais, Maison du Peuple, Koudougou, concert de bienfaisance, concert devant le pr\u00e9sident du Burkina Faso et le pr\u00e9sident du Niger, concert \u00e0 Po) Mawndo\u00e9 est revenu \u00e0 Poitiers. Et a commenc\u00e9 \u00e0 jeter les bases de l&rsquo;album \u00e0 paraitre en Europe.<\/p>\n<p>Maintenant Mawndo\u00e9 est au Tchad pour une autre s\u00e9rie de concert. Ses musiciens fran\u00e7ais ( Manu, J\u00e9r\u00f4me, V\u00e9l\u00e9ry et Richard) seront de la partie.<\/p>\n<p>&nbsp;<\/p>\n<p>A peine sorti de l\u2019h\u00f4pital (m\u00e9chant palu ramen\u00e9 de Ouagadougou), Mawndo\u00e9 chante. La photo a d\u00e9cid\u00e9 de ne<\/p>\n<p><a href=\"http:\/\/talentsdailleurs.net\/wp-content\/uploads\/2012\/11\/enregistrement-et-pansement.jpg\"><img decoding=\"async\" loading=\"lazy\" class=\"aligncenter size-medium wp-image-426\" title=\"enregistrement et pansement\" src=\"http:\/\/talentsdailleurs.net\/wp-content\/uploads\/2012\/11\/enregistrement-et-pansement-224x300.jpg\" alt=\"A peine sorti de l'hopital, Mawndo\u00e9 chante\" width=\"224\" height=\"300\" srcset=\"http:\/\/talentsdailleurs.net\/wp-content\/uploads\/2012\/11\/enregistrement-et-pansement-224x300.jpg 224w, http:\/\/talentsdailleurs.net\/wp-content\/uploads\/2012\/11\/enregistrement-et-pansement-764x1024.jpg 764w, http:\/\/talentsdailleurs.net\/wp-content\/uploads\/2012\/11\/enregistrement-et-pansement.jpg 1936w\" sizes=\"(max-width: 224px) 100vw, 224px\" \/><\/a><\/p>\n<p>&nbsp;<\/p>\n<p>&nbsp;<\/p>\n<p>&nbsp;<\/p>\n<p>&nbsp;<\/p>\n","protected":false},"excerpt":{"rendered":"<p>MAwndo\u00e9 est parti au mois de septembre et octobre au Burkina Faso pour y pr\u00e9senter son album DAARI .\u00a0Talents d&rsquo;Ailleurs a\u00a0 \u00e9t\u00e9 au cot\u00e9s de Mawndo\u00e9 pour l&rsquo;accompagner dans ses dossiers administratifs pour le Burkina Et a pu envoyer Val\u00e9ry Bertrand, le guitariste au Burkina . Superbe exp\u00e9rience pour Val\u00e9ry, conquis par ce pays. Apr\u00e8s &hellip; <a href=\"http:\/\/talentsdailleurs.net\/?p=422\" class=\"more-link\">Continuer la lecture de <span class=\"screen-reader-text\">Apr\u00e9s les concerts du Burkina Faso- Pr\u00e9paration de ceux du Tchad<\/span>  <span class=\"meta-nav\">&rarr;<\/span><\/a><\/p>\n","protected":false},"author":1,"featured_media":0,"comment_status":"closed","ping_status":"open","sticky":false,"template":"","format":"standard","meta":[],"categories":[1],"tags":[],"_links":{"self":[{"href":"http:\/\/talentsdailleurs.net\/index.php?rest_route=\/wp\/v2\/posts\/422"}],"collection":[{"href":"http:\/\/talentsdailleurs.net\/index.php?rest_route=\/wp\/v2\/posts"}],"about":[{"href":"http:\/\/talentsdailleurs.net\/index.php?rest_route=\/wp\/v2\/types\/post"}],"author":[{"embeddable":true,"href":"http:\/\/talentsdailleurs.net\/index.php?rest_route=\/wp\/v2\/users\/1"}],"replies":[{"embeddable":true,"href":"http:\/\/talentsdailleurs.net\/index.php?rest_route=%2Fwp%2Fv2%2Fcomments&post=422"}],"version-history":[{"count":2,"href":"http:\/\/talentsdailleurs.net\/index.php?rest_route=\/wp\/v2\/posts\/422\/revisions"}],"predecessor-version":[{"id":428,"href":"http:\/\/talentsdailleurs.net\/index.php?rest_route=\/wp\/v2\/posts\/422\/revisions\/428"}],"wp:attachment":[{"href":"http:\/\/talentsdailleurs.net\/index.php?rest_route=%2Fwp%2Fv2%2Fmedia&parent=422"}],"wp:term":[{"taxonomy":"category","embeddable":true,"href":"http:\/\/talentsdailleurs.net\/index.php?rest_route=%2Fwp%2Fv2%2Fcategories&post=422"},{"taxonomy":"post_tag","embeddable":true,"href":"http:\/\/talentsdailleurs.net\/index.php?rest_route=%2Fwp%2Fv2%2Ftags&post=422"}],"curies":[{"name":"wp","href":"https:\/\/api.w.org\/{rel}","templated":true}]}}