{"id":429,"date":"2012-12-12T19:48:53","date_gmt":"2012-12-12T18:48:53","guid":{"rendered":"http:\/\/talentsdailleurs.net\/?p=429"},"modified":"2012-12-12T19:49:31","modified_gmt":"2012-12-12T18:49:31","slug":"depart-pour-le-tchad","status":"publish","type":"post","link":"http:\/\/talentsdailleurs.net\/?p=429","title":{"rendered":"D\u00e9part pour le Tchad"},"content":{"rendered":"<p><img decoding=\"async\" loading=\"lazy\" src=\"http:\/\/sphotos-h.ak.fbcdn.net\/hphotos-ak-prn1\/65052_457614670963294_351787526_n.jpg\" alt=\"\" width=\"511\" height=\"383\" \/><\/p>\n<p>Isabelle et Alain ont accompagn\u00e9 Manu, J\u00e9r\u00f4me, Val\u00e9ry et Richard dimanche 9 d\u00e9cembre \u00e0 l&rsquo;a\u00e9roport<\/p>\n<h5 data-ft=\"{&quot;type&quot;:1,&quot;tn&quot;:&quot;K&quot;}\">D\u00e9part pour N&rsquo;Djam\u00e9na rejoindre C\u00e9lestin Mawndo\u00e9 pour Neige au Sahel &#8230;.. Journ\u00e9e mouvement\u00e9e entre les probl\u00e8mes de train et de bagages. Merci \u00e0 tous musiciens et membres de Talents d&rsquo;Ailleurs<\/h5>\n","protected":false},"excerpt":{"rendered":"<p>Isabelle et Alain ont accompagn\u00e9 Manu, J\u00e9r\u00f4me, Val\u00e9ry et Richard dimanche 9 d\u00e9cembre \u00e0 l&rsquo;a\u00e9roport D\u00e9part pour N&rsquo;Djam\u00e9na rejoindre C\u00e9lestin Mawndo\u00e9 pour Neige au Sahel &#8230;.. Journ\u00e9e mouvement\u00e9e entre les probl\u00e8mes de train et de bagages. Merci \u00e0 tous musiciens et membres de Talents d&rsquo;Ailleurs<\/p>\n","protected":false},"author":1,"featured_media":0,"comment_status":"closed","ping_status":"open","sticky":false,"template":"","format":"standard","meta":[],"categories":[1],"tags":[],"_links":{"self":[{"href":"http:\/\/talentsdailleurs.net\/index.php?rest_route=\/wp\/v2\/posts\/429"}],"collection":[{"href":"http:\/\/talentsdailleurs.net\/index.php?rest_route=\/wp\/v2\/posts"}],"about":[{"href":"http:\/\/talentsdailleurs.net\/index.php?rest_route=\/wp\/v2\/types\/post"}],"author":[{"embeddable":true,"href":"http:\/\/talentsdailleurs.net\/index.php?rest_route=\/wp\/v2\/users\/1"}],"replies":[{"embeddable":true,"href":"http:\/\/talentsdailleurs.net\/index.php?rest_route=%2Fwp%2Fv2%2Fcomments&post=429"}],"version-history":[{"count":2,"href":"http:\/\/talentsdailleurs.net\/index.php?rest_route=\/wp\/v2\/posts\/429\/revisions"}],"predecessor-version":[{"id":431,"href":"http:\/\/talentsdailleurs.net\/index.php?rest_route=\/wp\/v2\/posts\/429\/revisions\/431"}],"wp:attachment":[{"href":"http:\/\/talentsdailleurs.net\/index.php?rest_route=%2Fwp%2Fv2%2Fmedia&parent=429"}],"wp:term":[{"taxonomy":"category","embeddable":true,"href":"http:\/\/talentsdailleurs.net\/index.php?rest_route=%2Fwp%2Fv2%2Fcategories&post=429"},{"taxonomy":"post_tag","embeddable":true,"href":"http:\/\/talentsdailleurs.net\/index.php?rest_route=%2Fwp%2Fv2%2Ftags&post=429"}],"curies":[{"name":"wp","href":"https:\/\/api.w.org\/{rel}","templated":true}]}}