{"id":445,"date":"2012-12-12T20:33:42","date_gmt":"2012-12-12T19:33:42","guid":{"rendered":"http:\/\/talentsdailleurs.net\/?p=445"},"modified":"2012-12-12T20:34:30","modified_gmt":"2012-12-12T19:34:30","slug":"concerts-de-lift-a-guichet-ferme","status":"publish","type":"post","link":"http:\/\/talentsdailleurs.net\/?p=445","title":{"rendered":"Mawndo\u00e9 : Concerts de l&rsquo;IFT \u00e0 Guichet ferm\u00e9"},"content":{"rendered":"<p>Le concert neige au Sahel demain soir \u00e0 l&rsquo;Institut Fran\u00e7ais du Tchad se jouera \u00e0 guichet ferm\u00e9.<\/p>\n<p>Moins de 24 h apr\u00e8s avoir ouvert la vente des billets, l&rsquo;IFT a tout vendu.<\/p>\n","protected":false},"excerpt":{"rendered":"<p>Le concert neige au Sahel demain soir \u00e0 l&rsquo;Institut Fran\u00e7ais du Tchad se jouera \u00e0 guichet ferm\u00e9. Moins de 24 h apr\u00e8s avoir ouvert la vente des billets, l&rsquo;IFT a tout vendu.<\/p>\n","protected":false},"author":1,"featured_media":0,"comment_status":"closed","ping_status":"open","sticky":false,"template":"","format":"standard","meta":[],"categories":[1],"tags":[],"_links":{"self":[{"href":"http:\/\/talentsdailleurs.net\/index.php?rest_route=\/wp\/v2\/posts\/445"}],"collection":[{"href":"http:\/\/talentsdailleurs.net\/index.php?rest_route=\/wp\/v2\/posts"}],"about":[{"href":"http:\/\/talentsdailleurs.net\/index.php?rest_route=\/wp\/v2\/types\/post"}],"author":[{"embeddable":true,"href":"http:\/\/talentsdailleurs.net\/index.php?rest_route=\/wp\/v2\/users\/1"}],"replies":[{"embeddable":true,"href":"http:\/\/talentsdailleurs.net\/index.php?rest_route=%2Fwp%2Fv2%2Fcomments&post=445"}],"version-history":[{"count":3,"href":"http:\/\/talentsdailleurs.net\/index.php?rest_route=\/wp\/v2\/posts\/445\/revisions"}],"predecessor-version":[{"id":448,"href":"http:\/\/talentsdailleurs.net\/index.php?rest_route=\/wp\/v2\/posts\/445\/revisions\/448"}],"wp:attachment":[{"href":"http:\/\/talentsdailleurs.net\/index.php?rest_route=%2Fwp%2Fv2%2Fmedia&parent=445"}],"wp:term":[{"taxonomy":"category","embeddable":true,"href":"http:\/\/talentsdailleurs.net\/index.php?rest_route=%2Fwp%2Fv2%2Fcategories&post=445"},{"taxonomy":"post_tag","embeddable":true,"href":"http:\/\/talentsdailleurs.net\/index.php?rest_route=%2Fwp%2Fv2%2Ftags&post=445"}],"curies":[{"name":"wp","href":"https:\/\/api.w.org\/{rel}","templated":true}]}}