{"id":471,"date":"2013-02-22T20:12:20","date_gmt":"2013-02-22T19:12:20","guid":{"rendered":"http:\/\/talentsdailleurs.net\/?p=471"},"modified":"2013-02-26T20:17:27","modified_gmt":"2013-02-26T19:17:27","slug":"couleurstropicales-mawndoe-et-valere-sur-rfi-le-26-fevrier-2013","status":"publish","type":"post","link":"http:\/\/talentsdailleurs.net\/?p=471","title":{"rendered":"CouleursTropicales : Mawndo\u00e9 et Val\u00e8re sur RFI le 26 f\u00e9vrier 2013"},"content":{"rendered":"<p>Ecouter Mawndo\u00e9 le 26 f\u00e9vrier \u00e0 21 heures sur RFI, dans Couleurs Tropicales avec Claudy SIAR<\/p>\n<p>Il pr\u00e9sentera son Feat avec Iz RaL et la chanson contre les violences faites aux femmes \u00ab\u00a0Touches pas \u00e0 ma soeur\u00a0\u00bb.<\/p>\n<p>MAwndo\u00e9 chantera en live. Val\u00e8re (Val\u00e9ry BERTRAND)\u00a0 l&rsquo;accompagne.<\/p>\n<p>Mawndo\u00e9 et Val\u00e8re : un duo de choc.<\/p>\n","protected":false},"excerpt":{"rendered":"<p>Ecouter Mawndo\u00e9 le 26 f\u00e9vrier \u00e0 21 heures sur RFI, dans Couleurs Tropicales avec Claudy SIAR Il pr\u00e9sentera son Feat avec Iz RaL et la chanson contre les violences faites aux femmes \u00ab\u00a0Touches pas \u00e0 ma soeur\u00a0\u00bb. MAwndo\u00e9 chantera en live. Val\u00e8re (Val\u00e9ry BERTRAND)\u00a0 l&rsquo;accompagne. Mawndo\u00e9 et Val\u00e8re : un duo de choc.<\/p>\n","protected":false},"author":1,"featured_media":0,"comment_status":"closed","ping_status":"open","sticky":false,"template":"","format":"standard","meta":[],"categories":[1],"tags":[],"_links":{"self":[{"href":"http:\/\/talentsdailleurs.net\/index.php?rest_route=\/wp\/v2\/posts\/471"}],"collection":[{"href":"http:\/\/talentsdailleurs.net\/index.php?rest_route=\/wp\/v2\/posts"}],"about":[{"href":"http:\/\/talentsdailleurs.net\/index.php?rest_route=\/wp\/v2\/types\/post"}],"author":[{"embeddable":true,"href":"http:\/\/talentsdailleurs.net\/index.php?rest_route=\/wp\/v2\/users\/1"}],"replies":[{"embeddable":true,"href":"http:\/\/talentsdailleurs.net\/index.php?rest_route=%2Fwp%2Fv2%2Fcomments&post=471"}],"version-history":[{"count":2,"href":"http:\/\/talentsdailleurs.net\/index.php?rest_route=\/wp\/v2\/posts\/471\/revisions"}],"predecessor-version":[{"id":473,"href":"http:\/\/talentsdailleurs.net\/index.php?rest_route=\/wp\/v2\/posts\/471\/revisions\/473"}],"wp:attachment":[{"href":"http:\/\/talentsdailleurs.net\/index.php?rest_route=%2Fwp%2Fv2%2Fmedia&parent=471"}],"wp:term":[{"taxonomy":"category","embeddable":true,"href":"http:\/\/talentsdailleurs.net\/index.php?rest_route=%2Fwp%2Fv2%2Fcategories&post=471"},{"taxonomy":"post_tag","embeddable":true,"href":"http:\/\/talentsdailleurs.net\/index.php?rest_route=%2Fwp%2Fv2%2Ftags&post=471"}],"curies":[{"name":"wp","href":"https:\/\/api.w.org\/{rel}","templated":true}]}}