{"id":476,"date":"2013-03-05T21:57:34","date_gmt":"2013-03-05T20:57:34","guid":{"rendered":"http:\/\/talentsdailleurs.net\/?p=476"},"modified":"2013-03-05T22:02:44","modified_gmt":"2013-03-05T21:02:44","slug":"touche-pas-a-ma-soeur","status":"publish","type":"post","link":"http:\/\/talentsdailleurs.net\/?p=476","title":{"rendered":"Touche pas \u00e0 ma soeur"},"content":{"rendered":"<p>LE clip Touche pas \u00e0 ma s\u0153ur, r\u00e9alis\u00e9 en partenariat avec le FUNAP. Chanson compos\u00e9e et arrang\u00e9e par Mawndo\u00e9<\/p>\n<p><iframe loading=\"lazy\" src=\"http:\/\/www.youtube.com\/embed\/oyraybFHZSo\" frameborder=\"0\" width=\"560\" height=\"315\"><\/iframe><\/p>\n<p>Belle chanson contre les violences faites aux femmes<\/p>\n","protected":false},"excerpt":{"rendered":"<p>LE clip Touche pas \u00e0 ma s\u0153ur, r\u00e9alis\u00e9 en partenariat avec le FUNAP. Chanson compos\u00e9e et arrang\u00e9e par Mawndo\u00e9 Belle chanson contre les violences faites aux femmes<\/p>\n","protected":false},"author":1,"featured_media":0,"comment_status":"closed","ping_status":"open","sticky":false,"template":"","format":"standard","meta":[],"categories":[1],"tags":[],"_links":{"self":[{"href":"http:\/\/talentsdailleurs.net\/index.php?rest_route=\/wp\/v2\/posts\/476"}],"collection":[{"href":"http:\/\/talentsdailleurs.net\/index.php?rest_route=\/wp\/v2\/posts"}],"about":[{"href":"http:\/\/talentsdailleurs.net\/index.php?rest_route=\/wp\/v2\/types\/post"}],"author":[{"embeddable":true,"href":"http:\/\/talentsdailleurs.net\/index.php?rest_route=\/wp\/v2\/users\/1"}],"replies":[{"embeddable":true,"href":"http:\/\/talentsdailleurs.net\/index.php?rest_route=%2Fwp%2Fv2%2Fcomments&post=476"}],"version-history":[{"count":3,"href":"http:\/\/talentsdailleurs.net\/index.php?rest_route=\/wp\/v2\/posts\/476\/revisions"}],"predecessor-version":[{"id":478,"href":"http:\/\/talentsdailleurs.net\/index.php?rest_route=\/wp\/v2\/posts\/476\/revisions\/478"}],"wp:attachment":[{"href":"http:\/\/talentsdailleurs.net\/index.php?rest_route=%2Fwp%2Fv2%2Fmedia&parent=476"}],"wp:term":[{"taxonomy":"category","embeddable":true,"href":"http:\/\/talentsdailleurs.net\/index.php?rest_route=%2Fwp%2Fv2%2Fcategories&post=476"},{"taxonomy":"post_tag","embeddable":true,"href":"http:\/\/talentsdailleurs.net\/index.php?rest_route=%2Fwp%2Fv2%2Ftags&post=476"}],"curies":[{"name":"wp","href":"https:\/\/api.w.org\/{rel}","templated":true}]}}