{"id":572,"date":"2013-09-04T10:08:17","date_gmt":"2013-09-04T08:08:17","guid":{"rendered":"http:\/\/talentsdailleurs.net\/?p=572"},"modified":"2013-09-10T09:35:54","modified_gmt":"2013-09-10T07:35:54","slug":"presentation-de-neige-au-sahel-le-13-septembre-a-lambassade-du-tchad","status":"publish","type":"post","link":"http:\/\/talentsdailleurs.net\/?p=572","title":{"rendered":"Pr\u00e9sentation de Neige au Sahel  le 13 septembre \u00e0 l&rsquo;Ambassade du Tchad"},"content":{"rendered":"<p><a href=\"http:\/\/talentsdailleurs.net\/wp-content\/uploads\/2013\/09\/logo-NaS-+.jpg\"><img decoding=\"async\" loading=\"lazy\" class=\"aligncenter size-full wp-image-577\" title=\"logo Neige au Sahel\" src=\"http:\/\/talentsdailleurs.net\/wp-content\/uploads\/2013\/09\/logo-NaS-+.jpg\" alt=\"\" width=\"288\" height=\"251\" \/><\/a><\/p>\n<p>&nbsp;<\/p>\n<p>Mawndo\u00e9 pr\u00e9sentera\u00a0 de la deuxi\u00e8me \u00e9dition de Neige au Sahel aura lieu le 13 septembre 2013 \u00e0 17h \u00e0 l&rsquo;Ambassade de la R\u00e9publique du Tchad \u00e0 Paris<\/p>\n","protected":false},"excerpt":{"rendered":"<p>&nbsp; Mawndo\u00e9 pr\u00e9sentera\u00a0 de la deuxi\u00e8me \u00e9dition de Neige au Sahel aura lieu le 13 septembre 2013 \u00e0 17h \u00e0 l&rsquo;Ambassade de la R\u00e9publique du Tchad \u00e0 Paris<\/p>\n","protected":false},"author":1,"featured_media":0,"comment_status":"closed","ping_status":"open","sticky":false,"template":"","format":"standard","meta":[],"categories":[1],"tags":[11,13],"_links":{"self":[{"href":"http:\/\/talentsdailleurs.net\/index.php?rest_route=\/wp\/v2\/posts\/572"}],"collection":[{"href":"http:\/\/talentsdailleurs.net\/index.php?rest_route=\/wp\/v2\/posts"}],"about":[{"href":"http:\/\/talentsdailleurs.net\/index.php?rest_route=\/wp\/v2\/types\/post"}],"author":[{"embeddable":true,"href":"http:\/\/talentsdailleurs.net\/index.php?rest_route=\/wp\/v2\/users\/1"}],"replies":[{"embeddable":true,"href":"http:\/\/talentsdailleurs.net\/index.php?rest_route=%2Fwp%2Fv2%2Fcomments&post=572"}],"version-history":[{"count":2,"href":"http:\/\/talentsdailleurs.net\/index.php?rest_route=\/wp\/v2\/posts\/572\/revisions"}],"predecessor-version":[{"id":579,"href":"http:\/\/talentsdailleurs.net\/index.php?rest_route=\/wp\/v2\/posts\/572\/revisions\/579"}],"wp:attachment":[{"href":"http:\/\/talentsdailleurs.net\/index.php?rest_route=%2Fwp%2Fv2%2Fmedia&parent=572"}],"wp:term":[{"taxonomy":"category","embeddable":true,"href":"http:\/\/talentsdailleurs.net\/index.php?rest_route=%2Fwp%2Fv2%2Fcategories&post=572"},{"taxonomy":"post_tag","embeddable":true,"href":"http:\/\/talentsdailleurs.net\/index.php?rest_route=%2Fwp%2Fv2%2Ftags&post=572"}],"curies":[{"name":"wp","href":"https:\/\/api.w.org\/{rel}","templated":true}]}}