{"id":640,"date":"2013-11-14T18:00:48","date_gmt":"2013-11-14T17:00:48","guid":{"rendered":"http:\/\/talentsdailleurs.net\/?p=640"},"modified":"2013-11-14T18:06:04","modified_gmt":"2013-11-14T17:06:04","slug":"lancement-de-neige-au-sahel-edition-2","status":"publish","type":"post","link":"http:\/\/talentsdailleurs.net\/?p=640","title":{"rendered":"Lancement de Neige au Sahel &#8211; Edition 2"},"content":{"rendered":"<p>Cette fois, c&rsquo;est bien parti. dans moins de deux semaines, Neige au Sahel 2nde \u00e9dition organis\u00e9 par C\u00e9lestin Mawndo\u00e9<\/p>\n<p>&nbsp;<\/p>\n<p><img decoding=\"async\" loading=\"lazy\" src=\"https:\/\/scontent-b.xx.fbcdn.net\/hphotos-frc3\/1456635_10200421794299704_451602628_n.jpg\" alt=\"\" width=\"474\" height=\"355\" \/><\/p>\n","protected":false},"excerpt":{"rendered":"<p>Cette fois, c&rsquo;est bien parti. dans moins de deux semaines, Neige au Sahel 2nde \u00e9dition organis\u00e9 par C\u00e9lestin Mawndo\u00e9 &nbsp;<\/p>\n","protected":false},"author":1,"featured_media":0,"comment_status":"closed","ping_status":"open","sticky":false,"template":"","format":"standard","meta":[],"categories":[1],"tags":[],"_links":{"self":[{"href":"http:\/\/talentsdailleurs.net\/index.php?rest_route=\/wp\/v2\/posts\/640"}],"collection":[{"href":"http:\/\/talentsdailleurs.net\/index.php?rest_route=\/wp\/v2\/posts"}],"about":[{"href":"http:\/\/talentsdailleurs.net\/index.php?rest_route=\/wp\/v2\/types\/post"}],"author":[{"embeddable":true,"href":"http:\/\/talentsdailleurs.net\/index.php?rest_route=\/wp\/v2\/users\/1"}],"replies":[{"embeddable":true,"href":"http:\/\/talentsdailleurs.net\/index.php?rest_route=%2Fwp%2Fv2%2Fcomments&post=640"}],"version-history":[{"count":3,"href":"http:\/\/talentsdailleurs.net\/index.php?rest_route=\/wp\/v2\/posts\/640\/revisions"}],"predecessor-version":[{"id":646,"href":"http:\/\/talentsdailleurs.net\/index.php?rest_route=\/wp\/v2\/posts\/640\/revisions\/646"}],"wp:attachment":[{"href":"http:\/\/talentsdailleurs.net\/index.php?rest_route=%2Fwp%2Fv2%2Fmedia&parent=640"}],"wp:term":[{"taxonomy":"category","embeddable":true,"href":"http:\/\/talentsdailleurs.net\/index.php?rest_route=%2Fwp%2Fv2%2Fcategories&post=640"},{"taxonomy":"post_tag","embeddable":true,"href":"http:\/\/talentsdailleurs.net\/index.php?rest_route=%2Fwp%2Fv2%2Ftags&post=640"}],"curies":[{"name":"wp","href":"https:\/\/api.w.org\/{rel}","templated":true}]}}