{"id":685,"date":"2014-01-14T00:25:03","date_gmt":"2014-01-13T23:25:03","guid":{"rendered":"http:\/\/talentsdailleurs.net\/?p=685"},"modified":"2014-01-14T00:38:08","modified_gmt":"2014-01-13T23:38:08","slug":"bis-2014","status":"publish","type":"post","link":"http:\/\/talentsdailleurs.net\/?p=685","title":{"rendered":"BIS 2014"},"content":{"rendered":"<p>&nbsp;<\/p>\n<p style=\"text-align: center;\">Retrouvez nous au BIS 2014 &#8211; Stand 58<\/p>\n<p style=\"text-align: center;\"><a href=\"http:\/\/www.bis2014.com\/\">http:\/\/www.bis2014.com\/<\/a><\/p>\n<p style=\"text-align: center;\">sur la place des tourn\u00e9es<\/p>\n<p style=\"text-align: center;\">contact : esther@talentsdailleurs.net<\/p>\n<p style=\"text-align: center;\">Artistes pr\u00e9sent\u00e9s :<\/p>\n<p style=\"text-align: center;\"><strong>MAWNDOE<\/strong><\/p>\n<p><a href=\"http:\/\/talentsdailleurs.net\/wp-content\/uploads\/2014\/01\/visuel-mawndo\u00e9-groupe-NB.jpg\"><img decoding=\"async\" loading=\"lazy\" class=\"aligncenter size-large wp-image-686\" title=\"Mawndo\u00e9 et son groupe\" src=\"http:\/\/talentsdailleurs.net\/wp-content\/uploads\/2014\/01\/visuel-mawndo\u00e9-groupe-NB-1024x682.jpg\" alt=\"\" width=\"352\" height=\"234\" srcset=\"http:\/\/talentsdailleurs.net\/wp-content\/uploads\/2014\/01\/visuel-mawndo\u00e9-groupe-NB-1024x682.jpg 1024w, http:\/\/talentsdailleurs.net\/wp-content\/uploads\/2014\/01\/visuel-mawndo\u00e9-groupe-NB-300x200.jpg 300w, http:\/\/talentsdailleurs.net\/wp-content\/uploads\/2014\/01\/visuel-mawndo\u00e9-groupe-NB.jpg 1440w\" sizes=\"(max-width: 352px) 100vw, 352px\" \/><\/a><\/p>\n<p style=\"text-align: center;\"><strong>DUMBA KULTUR<\/strong><\/p>\n<p style=\"text-align: center;\"><a href=\"http:\/\/talentsdailleurs.net\/wp-content\/uploads\/2014\/01\/instantan\u00e9-1.bmp\"><img decoding=\"async\" loading=\"lazy\" class=\"aligncenter size-full wp-image-687\" title=\"Dumba Kultur\" src=\"http:\/\/talentsdailleurs.net\/wp-content\/uploads\/2014\/01\/instantan\u00e9-1.bmp\" alt=\"\" width=\"384\" height=\"288\" \/><\/a><\/p>\n<p style=\"text-align: center;\"><strong>Ousseni SAKO<\/strong><\/p>\n<p style=\"text-align: center;\">(Danse)<\/p>\n<p style=\"text-align: center;\">Cr\u00e9dit photo : Antoine TEMPE (tous droits r\u00e9serv\u00e9s)<\/p>\n<p style=\"text-align: center;\"><a href=\"http:\/\/talentsdailleurs.net\/wp-content\/uploads\/2014\/01\/osako.png\"><img decoding=\"async\" loading=\"lazy\" class=\"aligncenter size-full wp-image-688\" title=\"Ousseni SAKO \" src=\"http:\/\/talentsdailleurs.net\/wp-content\/uploads\/2014\/01\/osako.png\" alt=\"\" width=\"170\" height=\"217\" \/><\/a><\/p>\n<p style=\"text-align: center;\"><strong>KANTALA<\/strong><\/p>\n<p style=\"text-align: center;\"><a href=\"http:\/\/talentsdailleurs.net\/wp-content\/uploads\/2014\/01\/kantala-photo-5.jpg\"><img decoding=\"async\" loading=\"lazy\" class=\"aligncenter size-large wp-image-689\" title=\"kantala-photo-5\" src=\"http:\/\/talentsdailleurs.net\/wp-content\/uploads\/2014\/01\/kantala-photo-5-682x1024.jpg\" alt=\"\" width=\"352\" height=\"528\" srcset=\"http:\/\/talentsdailleurs.net\/wp-content\/uploads\/2014\/01\/kantala-photo-5-682x1024.jpg 682w, http:\/\/talentsdailleurs.net\/wp-content\/uploads\/2014\/01\/kantala-photo-5-200x300.jpg 200w, http:\/\/talentsdailleurs.net\/wp-content\/uploads\/2014\/01\/kantala-photo-5.jpg 1260w\" sizes=\"(max-width: 352px) 100vw, 352px\" \/><\/a><\/p>\n<p style=\"text-align: center;\"><strong>MARBAYASSA<\/strong><\/p>\n<p style=\"text-align: center;\">(Th\u00e9\u00e2tre)<\/p>\n<figure id=\"attachment_690\" aria-describedby=\"caption-attachment-690\" style=\"width: 24px\" class=\"wp-caption aligncenter\"><a href=\"http:\/\/talentsdailleurs.net\/wp-content\/uploads\/2014\/01\/Avignon-2013_-36.jpeg\"><img decoding=\"async\" loading=\"lazy\" id=\"wp_editimgbtn\" title=\"Modifier l\u2019image\" src=\"http:\/\/talentsdailleurs.net\/wp-includes\/js\/tinymce\/plugins\/wpeditimage\/img\/image.png\" alt=\"\" width=\"24\" height=\"24\" \/><img decoding=\"async\" loading=\"lazy\" class=\"size-full wp-image-690 \" title=\"Avignon 2013 - Candide l'Africain\" src=\"http:\/\/talentsdailleurs.net\/wp-content\/uploads\/2014\/01\/Avignon-2013_-36.jpeg\" alt=\"\" width=\"448\" height=\"299\" srcset=\"http:\/\/talentsdailleurs.net\/wp-content\/uploads\/2014\/01\/Avignon-2013_-36.jpeg 640w, http:\/\/talentsdailleurs.net\/wp-content\/uploads\/2014\/01\/Avignon-2013_-36-300x200.jpg 300w\" sizes=\"(max-width: 448px) 100vw, 448px\" \/><\/a><figcaption id=\"caption-attachment-690\" class=\"wp-caption-text\">Compagnie MArbayassa<\/figcaption><\/figure>\n","protected":false},"excerpt":{"rendered":"<p>&nbsp; Retrouvez nous au BIS 2014 &#8211; Stand 58 http:\/\/www.bis2014.com\/ sur la place des tourn\u00e9es contact : esther@talentsdailleurs.net Artistes pr\u00e9sent\u00e9s : MAWNDOE DUMBA KULTUR Ousseni SAKO (Danse) Cr\u00e9dit photo : Antoine TEMPE (tous droits r\u00e9serv\u00e9s) KANTALA MARBAYASSA (Th\u00e9\u00e2tre)<\/p>\n","protected":false},"author":1,"featured_media":0,"comment_status":"closed","ping_status":"open","sticky":false,"template":"","format":"standard","meta":[],"categories":[1],"tags":[],"_links":{"self":[{"href":"http:\/\/talentsdailleurs.net\/index.php?rest_route=\/wp\/v2\/posts\/685"}],"collection":[{"href":"http:\/\/talentsdailleurs.net\/index.php?rest_route=\/wp\/v2\/posts"}],"about":[{"href":"http:\/\/talentsdailleurs.net\/index.php?rest_route=\/wp\/v2\/types\/post"}],"author":[{"embeddable":true,"href":"http:\/\/talentsdailleurs.net\/index.php?rest_route=\/wp\/v2\/users\/1"}],"replies":[{"embeddable":true,"href":"http:\/\/talentsdailleurs.net\/index.php?rest_route=%2Fwp%2Fv2%2Fcomments&post=685"}],"version-history":[{"count":4,"href":"http:\/\/talentsdailleurs.net\/index.php?rest_route=\/wp\/v2\/posts\/685\/revisions"}],"predecessor-version":[{"id":693,"href":"http:\/\/talentsdailleurs.net\/index.php?rest_route=\/wp\/v2\/posts\/685\/revisions\/693"}],"wp:attachment":[{"href":"http:\/\/talentsdailleurs.net\/index.php?rest_route=%2Fwp%2Fv2%2Fmedia&parent=685"}],"wp:term":[{"taxonomy":"category","embeddable":true,"href":"http:\/\/talentsdailleurs.net\/index.php?rest_route=%2Fwp%2Fv2%2Fcategories&post=685"},{"taxonomy":"post_tag","embeddable":true,"href":"http:\/\/talentsdailleurs.net\/index.php?rest_route=%2Fwp%2Fv2%2Ftags&post=685"}],"curies":[{"name":"wp","href":"https:\/\/api.w.org\/{rel}","templated":true}]}}