{"id":771,"date":"2014-06-25T17:54:59","date_gmt":"2014-06-25T15:54:59","guid":{"rendered":"http:\/\/talentsdailleurs.net\/?p=771"},"modified":"2014-06-25T17:54:59","modified_gmt":"2014-06-25T15:54:59","slug":"bel-article-de-jeune-afrique-sur-mawndoe","status":"publish","type":"post","link":"http:\/\/talentsdailleurs.net\/?p=771","title":{"rendered":"Bel article de Jeune Afrique sur Mawndo\u00e9"},"content":{"rendered":"<p>http:\/\/www.jeuneafrique.com\/Article\/JA2779p107.xml0\/tchad-musique-yeleen-smarty-musique-tchad-le-drole-de-reve-de-celestin-mawndoe.html<\/p>\n<p>&nbsp;<\/p>\n<div id=\"boiteoutil2\">\n<div>02\/05\/2014 \u00e0 18:33 Par Madjiasra Nako, \u00e0 N&rsquo;Djam\u00e9na<\/div>\n<div><a title=\"Diminuer la taille du texte\" href=\"http:\/\/www.jeuneafrique.com\/Article\/JA2779p107.xml0\/tchad-musique-yeleen-smarty-musique-tchad-le-drole-de-reve-de-celestin-mawndoe.html#\"><img decoding=\"async\" loading=\"lazy\" src=\"http:\/\/www.jeuneafrique.com\/img\/commun\/bt_texteMoins.png\" alt=\"Diminuer la taille du texte\" width=\"10\" height=\"12\" \/><\/a> <a title=\"Augmenter la taille du texte\" href=\"http:\/\/www.jeuneafrique.com\/Article\/JA2779p107.xml0\/tchad-musique-yeleen-smarty-musique-tchad-le-drole-de-reve-de-celestin-mawndoe.html#\"><img decoding=\"async\" loading=\"lazy\" src=\"http:\/\/www.jeuneafrique.com\/img\/commun\/bt_textePlus.png\" alt=\"Augmenter la taille du texte\" width=\"15\" height=\"14\" \/><\/a> <a title=\"Imprimer l'article\" href=\"http:\/\/www.jeuneafrique.com\/Articleimp_JA2779p107.xml0_tchad-le-drole-de-reve-de-celestin-mawndoe.html\"><img decoding=\"async\" loading=\"lazy\" src=\"http:\/\/www.jeuneafrique.com\/img\/commun\/bt_imprimer.png\" alt=\"Imprimer\" width=\"14\" height=\"14\" \/><\/a> <a title=\"Envoyer l'article\" href=\"http:\/\/www.jeuneafrique.com\/Article\/JA2779p107.xml0\/tchad-musique-yeleen-smarty-musique-tchad-le-drole-de-reve-de-celestin-mawndoe.html#\"><img decoding=\"async\" loading=\"lazy\" src=\"http:\/\/www.jeuneafrique.com\/img\/commun\/bt_envoyer2.png\" alt=\"Envoyer\" width=\"15\" height=\"12\" \/><\/a> <a href=\"http:\/\/www.addthis.com\/bookmark.php?v=250&amp;username=jeuneafrique\"><img decoding=\"async\" loading=\"lazy\" src=\"http:\/\/www.jeuneafrique.com\/img\/commun\/bt_partager.png\" alt=\"Partager cet article\" width=\"13\" height=\"13\" \/><\/a><\/div>\n<\/div>\n<div id=\"texte\">\n<div><a href=\"http:\/\/www.jeuneafrique.com\/photos\/042014\/014042014120344000000JA2779p107.jpg\"><img decoding=\"async\" loading=\"lazy\" src=\"http:\/\/www.jeuneafrique.com\/photos\/042014\/014042014120344000000JA2779p107.jpg\" alt=\"C\u00e9lestin Mawndo\u00e9 en 2005.\" width=\"350\" height=\"200\" \/><\/a> C\u00e9lestin Mawndo\u00e9 en 2005. \u00a9 COUMBA SYLLA \/ AFP<\/div>\n<p>Depuis la s\u00e9paration du groupe Yeleen, l&rsquo;artiste poursuit seul son singulier parcours. Ky veut chan-T et dan-C avec lui ?<\/p>\n<p>Dans le minuscule studio D&amp;G o\u00f9 il pr\u00e9pare la sortie de son troisi\u00e8me album solo, <em>Ky Dan-C<\/em>, pr\u00e9vue en juin, C\u00e9lestin Mawndo\u00e9 prend le temps de discuter. Et quand il s&rsquo;agit de parler de ses cr\u00e9ations, il est intarissable. Le sculpteur, auteur-compositeur-interpr\u00e8te et directeur artistique veut aussi, en marge de ce prochain opus, lancer un nouveau concept : un encha\u00eenement de gestes, presque une danse, qu&rsquo;il veut \u00eatre \u00ab\u00a0une synth\u00e8se du Tchad\u00a0\u00bb.<\/p>\n<p>Son premier album solo, <em>Daari<\/em> (\u00ab\u00a0mon pays\u00a0\u00bb), marquait son retour \u00e0 N&rsquo;Djamena apr\u00e8s dix ann\u00e9es pass\u00e9es au Burkina Faso. C&rsquo;est l\u00e0, en 2001, apr\u00e8s avoir abandonn\u00e9 ses \u00e9tudes pour partir \u00e0 Ouagadougou \u00e0 la recherche d&rsquo;un espace de cr\u00e9ation diff\u00e9rent et de nouvelles inspirations, qu&rsquo;il fonde le groupe Yeleen avec le rappeur burkinab\u00e8 <a href=\"http:\/\/www.jeuneafrique.com\/Article\/ARTJAWEB20140404112012\/\" target=\"_blank\">Louis Salif Ki\u00e9ki\u00e9ta, alias Smarty<\/a>. La r\u00e9ussite sera autant artistique que publique. Alliant la voix m\u00e9lodieuse de l&rsquo;un au flow \u00ab\u00a0conscientisateur\u00a0\u00bb de l&rsquo;autre, le duo encha\u00eene les tourn\u00e9es, sort cinq albums et re\u00e7oit de multiples r\u00e9compenses, devenant l&rsquo;un des groupes les plus c\u00e9l\u00e8bres d&rsquo;Afrique de l&rsquo;Ouest. Sa s\u00e9paration en 2011 marque le retour de C\u00e9lestin sur ses terres natales, l\u00e0 o\u00f9 sa grand-m\u00e8re, issue de l&rsquo;ethnie ngambay, lui apprit \u00e0 chanter.<\/p>\n<p>Est-ce l&rsquo;effet de ce long exil ? Daari \u00e9voquait les r\u00eaves de Mawndo\u00e9 pour son pays, le tout sur des m\u00e9lop\u00e9es acoustiques, des rythmes d&rsquo;influences diverses (Afrique centrale, Afrique de l&rsquo;Ouest et du Nord, chant traditionnel, afrobeat, hip-hop, R&amp;B, reggae, rumba, jazz) et accompagn\u00e9s de textes \u00e9crits dans les trois langues qui ont berc\u00e9 son enfance : le ngambay, le fran\u00e7ais et l&rsquo;arabe (sans oublier un soup\u00e7on d&rsquo;anglais). Le r\u00e9sultat est magique : lorsque r\u00e9sonne la derni\u00e8re note, on a l&rsquo;impression d&rsquo;avoir fait le tour du Tchad&#8230;<\/p>\n<p>Un \u00ab\u00a0voyage\u00a0\u00bb que Mawndo\u00e9 a poursuivi en 2013 avec son deuxi\u00e8me album, <em>Doum Pah<\/em>, qui signifie \u00ab\u00a0ce que l&rsquo;on ne peut exprimer\u00a0\u00bb (\u00e0 moins de le mettre en musique, de le chanter et de le danser&#8230;). \u00ab\u00a0C&rsquo;est un peu ce que j&rsquo;essaie de faire encore aujourd&rsquo;hui, confie-t-il. Cette fois, on va ajouter une chor\u00e9graphie : la gestuelle du chameau, celle des oiseaux ou encore du babouin&#8230; Je ferai en sorte que tout y soit.\u00a0\u00bb<\/p>\n<p><strong>\u00ab\u00a0Montrer \u00e0 des adolescents que le r\u00eave, c&rsquo;est \u00e0 eux de le cr\u00e9er\u00a0\u00bb<br \/>\n<\/strong><\/p>\n<p>\u00c0 la fin de l&rsquo;\u00e9t\u00e9, il lancera \u00e9galement une \u00e9mission de t\u00e9l\u00e9r\u00e9alit\u00e9 r\u00e9unissant des adolescents, qui accompagnera le lancement de <em>Ky Dan-C<\/em> (prononcer \u00ab\u00a0qui dans\u00e9\u00a0\u00bb). \u00ab\u00a0L&rsquo;id\u00e9e, c&rsquo;est de montrer aux jeunes qui cherchent aujourd&rsquo;hui \u00e0 nous ressembler que le r\u00eave, c&rsquo;est \u00e0 eux de le cr\u00e9er. Si nous aimons ce que les autres font, c&rsquo;est qu&rsquo;ils ont os\u00e9 l&rsquo;inventer. Il faut montrer que nous aussi pouvons passer sur les cha\u00eenes internationales avec ce qui fait notre sp\u00e9cificit\u00e9, il suffit d&rsquo;y croire\u00a0\u00bb, insiste l&rsquo;ex-membre de Yeleen.<\/p>\n<p>Depuis son retour \u00e0 N&rsquo;Djamena, Mawndo\u00e9 a conserv\u00e9 sa popularit\u00e9 et son hyperactivit\u00e9 : concerts au Tchad, au Burkina ou \u00e0 Paris, \u00e9missions de radio ou de t\u00e9l\u00e9vision nationales et \u00e9trang\u00e8res&#8230; D\u00e8s que le nouvel album sera pr\u00eat, C\u00e9lestin s&rsquo;attellera \u00e0 la pr\u00e9paration de la 3e\u00a0\u00e9dition du festival de musique Neige au Sahel, qui se tiendra \u00e0 N&rsquo;Djamena en d\u00e9cembre, dont il est le directeur et fondateur et dont la r\u00e9ussite va croissant. En 2012 comme en 2013 (avec pour parrain A&rsquo;Salfo, le leader du groupe ivoirien Magic System), Neige au Sahel a r\u00e9ussi \u00e0 mobiliser de nombreux artistes du continent et d&rsquo;Europe, \u00e0 attirer un large public, mais aussi \u00e0 r\u00e9colter des fonds qui permettent de financer des puits dans les villages du pays. Pour Mawndo\u00e9, tout cela est logique. De ses chansons p\u00e9tries de libert\u00e9 naissent des r\u00eaves, comme celui de faire couler de l&rsquo;eau au Sahel.<\/p>\n<p>_______<\/p>\n<p><strong>Madjiasra Nako<\/strong>, \u00e0 N&rsquo;Djam\u00e9na<\/p>\n<\/div>\n<div>\nLire l&rsquo;article sur Jeuneafrique.com : <a href=\"http:\/\/www.jeuneafrique.com\/Article\/JA2779p107.xml0\/#ixzz35fPIelvp\">Musique | Tchad : le dr\u00f4le de r\u00eave de C\u00e9lestin Mawndo\u00e9 | Jeuneafrique.com &#8211; le premier site d&rsquo;information et d&rsquo;actualit\u00e9 sur l&rsquo;Afrique<\/a><br \/>\nFollow us: <a href=\"http:\/\/ec.tynt.com\/b\/rw?id=bdc_hWE6Gr4jb_adbi-bpO&amp;u=jeune_afrique\" target=\"_blank\">@jeune_afrique on Twitter<\/a> | <a href=\"http:\/\/ec.tynt.com\/b\/rf?id=bdc_hWE6Gr4jb_adbi-bpO&amp;u=jeuneafrique1\" target=\"_blank\">jeuneafrique1 on Facebook<\/a><\/div>\n","protected":false},"excerpt":{"rendered":"<p>http:\/\/www.jeuneafrique.com\/Article\/JA2779p107.xml0\/tchad-musique-yeleen-smarty-musique-tchad-le-drole-de-reve-de-celestin-mawndoe.html &nbsp; 02\/05\/2014 \u00e0 18:33 Par Madjiasra Nako, \u00e0 N&rsquo;Djam\u00e9na C\u00e9lestin Mawndo\u00e9 en 2005. \u00a9 COUMBA SYLLA \/ AFP Depuis la s\u00e9paration du groupe Yeleen, l&rsquo;artiste poursuit seul son singulier parcours. Ky veut chan-T et dan-C avec lui ? Dans le minuscule studio D&amp;G o\u00f9 il pr\u00e9pare la sortie de son troisi\u00e8me album solo, Ky &hellip; <a href=\"http:\/\/talentsdailleurs.net\/?p=771\" class=\"more-link\">Continuer la lecture de <span class=\"screen-reader-text\">Bel article de Jeune Afrique sur Mawndo\u00e9<\/span>  <span class=\"meta-nav\">&rarr;<\/span><\/a><\/p>\n","protected":false},"author":1,"featured_media":0,"comment_status":"closed","ping_status":"open","sticky":false,"template":"","format":"standard","meta":[],"categories":[1],"tags":[],"_links":{"self":[{"href":"http:\/\/talentsdailleurs.net\/index.php?rest_route=\/wp\/v2\/posts\/771"}],"collection":[{"href":"http:\/\/talentsdailleurs.net\/index.php?rest_route=\/wp\/v2\/posts"}],"about":[{"href":"http:\/\/talentsdailleurs.net\/index.php?rest_route=\/wp\/v2\/types\/post"}],"author":[{"embeddable":true,"href":"http:\/\/talentsdailleurs.net\/index.php?rest_route=\/wp\/v2\/users\/1"}],"replies":[{"embeddable":true,"href":"http:\/\/talentsdailleurs.net\/index.php?rest_route=%2Fwp%2Fv2%2Fcomments&post=771"}],"version-history":[{"count":1,"href":"http:\/\/talentsdailleurs.net\/index.php?rest_route=\/wp\/v2\/posts\/771\/revisions"}],"predecessor-version":[{"id":772,"href":"http:\/\/talentsdailleurs.net\/index.php?rest_route=\/wp\/v2\/posts\/771\/revisions\/772"}],"wp:attachment":[{"href":"http:\/\/talentsdailleurs.net\/index.php?rest_route=%2Fwp%2Fv2%2Fmedia&parent=771"}],"wp:term":[{"taxonomy":"category","embeddable":true,"href":"http:\/\/talentsdailleurs.net\/index.php?rest_route=%2Fwp%2Fv2%2Fcategories&post=771"},{"taxonomy":"post_tag","embeddable":true,"href":"http:\/\/talentsdailleurs.net\/index.php?rest_route=%2Fwp%2Fv2%2Ftags&post=771"}],"curies":[{"name":"wp","href":"https:\/\/api.w.org\/{rel}","templated":true}]}}