{"id":781,"date":"2014-07-03T16:49:32","date_gmt":"2014-07-03T14:49:32","guid":{"rendered":"http:\/\/talentsdailleurs.net\/?p=781"},"modified":"2014-07-03T16:49:32","modified_gmt":"2014-07-03T14:49:32","slug":"un-groupe-en-france-pour-les-dumba-kultur","status":"publish","type":"post","link":"http:\/\/talentsdailleurs.net\/?p=781","title":{"rendered":"Un groupe en France pour les Dumba Kultur"},"content":{"rendered":"<p>Les Dumba Kultur sont en studio au conservatoire de Bagnolet pour monter leur groupe en France avec une premi\u00e8re date le 26 juillet \u00e0 Bourges<\/p>\n<p><img decoding=\"async\" title=\"Un \u00e9t\u00e9 \u00e0 Bourges\" src=\"http:\/\/www.ville-bourges.fr\/__medias__\/images\/culture-loisirs\/ete-bourges\/ete-bourges.png\" alt=\"Un \u00e9t\u00e9 \u00e0 Bourges\" \/><\/p>\n<p>&nbsp;<\/p>\n<p>http:\/\/<a href=\"http:\/\/www.ville-bourges.fr\/site\/culture_dumba-kultur\">www.ville-bourges.fr\/site\/culture_dumba-kultur<\/a><\/p>\n<p>&nbsp;<\/p>\n","protected":false},"excerpt":{"rendered":"<p>Les Dumba Kultur sont en studio au conservatoire de Bagnolet pour monter leur groupe en France avec une premi\u00e8re date le 26 juillet \u00e0 Bourges &nbsp; http:\/\/www.ville-bourges.fr\/site\/culture_dumba-kultur &nbsp;<\/p>\n","protected":false},"author":1,"featured_media":0,"comment_status":"closed","ping_status":"open","sticky":false,"template":"","format":"standard","meta":[],"categories":[1],"tags":[],"_links":{"self":[{"href":"http:\/\/talentsdailleurs.net\/index.php?rest_route=\/wp\/v2\/posts\/781"}],"collection":[{"href":"http:\/\/talentsdailleurs.net\/index.php?rest_route=\/wp\/v2\/posts"}],"about":[{"href":"http:\/\/talentsdailleurs.net\/index.php?rest_route=\/wp\/v2\/types\/post"}],"author":[{"embeddable":true,"href":"http:\/\/talentsdailleurs.net\/index.php?rest_route=\/wp\/v2\/users\/1"}],"replies":[{"embeddable":true,"href":"http:\/\/talentsdailleurs.net\/index.php?rest_route=%2Fwp%2Fv2%2Fcomments&post=781"}],"version-history":[{"count":1,"href":"http:\/\/talentsdailleurs.net\/index.php?rest_route=\/wp\/v2\/posts\/781\/revisions"}],"predecessor-version":[{"id":782,"href":"http:\/\/talentsdailleurs.net\/index.php?rest_route=\/wp\/v2\/posts\/781\/revisions\/782"}],"wp:attachment":[{"href":"http:\/\/talentsdailleurs.net\/index.php?rest_route=%2Fwp%2Fv2%2Fmedia&parent=781"}],"wp:term":[{"taxonomy":"category","embeddable":true,"href":"http:\/\/talentsdailleurs.net\/index.php?rest_route=%2Fwp%2Fv2%2Fcategories&post=781"},{"taxonomy":"post_tag","embeddable":true,"href":"http:\/\/talentsdailleurs.net\/index.php?rest_route=%2Fwp%2Fv2%2Ftags&post=781"}],"curies":[{"name":"wp","href":"https:\/\/api.w.org\/{rel}","templated":true}]}}