{"id":1177,"date":"2025-02-16T15:29:41","date_gmt":"2025-02-16T14:29:41","guid":{"rendered":"https:\/\/talentsdailleurs.net\/?p=1177"},"modified":"2025-02-16T15:29:43","modified_gmt":"2025-02-16T14:29:43","slug":"un-artiste-libre","status":"publish","type":"post","link":"https:\/\/talentsdailleurs.net\/?p=1177","title":{"rendered":"Un artiste libre"},"content":{"rendered":"\n<div class=\"wp-block-media-text alignwide is-stacked-on-mobile\" style=\"grid-template-columns:21% auto\"><figure class=\"wp-block-media-text__media\"><img decoding=\"async\" loading=\"lazy\" width=\"992\" height=\"1024\" src=\"http:\/\/talentsdailleurs.net\/wp-content\/uploads\/2025\/02\/Photo-mawndoe-2025-992x1024.jpg\" alt=\"\" class=\"wp-image-1181 size-full\" srcset=\"https:\/\/talentsdailleurs.net\/wp-content\/uploads\/2025\/02\/Photo-mawndoe-2025-992x1024.jpg 992w, https:\/\/talentsdailleurs.net\/wp-content\/uploads\/2025\/02\/Photo-mawndoe-2025-291x300.jpg 291w, https:\/\/talentsdailleurs.net\/wp-content\/uploads\/2025\/02\/Photo-mawndoe-2025-768x793.jpg 768w, https:\/\/talentsdailleurs.net\/wp-content\/uploads\/2025\/02\/Photo-mawndoe-2025-1488x1536.jpg 1488w, https:\/\/talentsdailleurs.net\/wp-content\/uploads\/2025\/02\/Photo-mawndoe-2025-1984x2048.jpg 1984w\" sizes=\"(max-width: 992px) 100vw, 992px\" \/><\/figure><div class=\"wp-block-media-text__content\">\n<p class=\"has-large-font-size\"><mark style=\"background-color:rgba(0, 0, 0, 0);color:#2e6b87\" class=\"has-inline-color\">Mawndo\u00e9 : Un artiste libre<\/mark><\/p>\n\n\n\n<p>Dossier de presse \u00e0 t\u00e9l\u00e9charger                                                                                                                   <\/p>\n\n\n\n<p> Mawndo\u00e9 est un artiste singulier de la sc\u00e8ne africaine, reconnu pour sa voix puissante et son engagement.<\/p>\n\n\n\n<p>Originaire du Tchad, le jeune Mawndo\u00e9 a choisi l\u2019exil pour vivre son art.<\/p>\n\n\n\n<p>Il se fixe comme sculpteur au Burkina Faso. Il fa\u00e7onne le bois et le fer avant de modeler rythmes et m\u00e9lodies. En 2001, il cofonde Yeleen, l\u2019un des groupes les plus influents du hip-hop ouest-africain.<\/p>\n<\/div><\/div>\n\n\n\n<p class=\"has-text-align-left\">Avec une ascension fulgurante, Yeleen, parcourt les sc\u00e8nes du monde, collabore avec de nombreux artistes et enregistre cinq albums. Leur succ\u00e8s est couronn\u00e9 par un Kund\u00e9 d\u2019Or,&nbsp; prestigieuse r\u00e9compense en Afrique.<\/p>\n\n\n\n<p class=\"has-text-align-left\">En 2011, un nouveau chapitre s\u2019ouvre avec un premier album sous le nom de Mawndo\u00e9. L\u2019ann\u00e9e suivante, une r\u00e9sidence de cr\u00e9ation en France enrichit son univers musical et linguistique. Il poursuit alors son exploration artistique, entre composition, \u00e9criture et collaborations avec des artistes de divers horizons.<\/p>\n\n\n\n<p class=\"has-text-align-left\">Dot\u00e9 d\u2019une voix qui porte des \u00e9motions brutes et sinc\u00e8res, il \u00e9crit des textes empreints de po\u00e9sie et de profondeur. Sur sc\u00e8ne, il captive les publics de France et d\u2019Afrique, o\u00f9 son talent est salu\u00e9 par une s\u00e9lection aux Kora Awards. Les m\u00e9dias panafricains lui consacrent r\u00e9guli\u00e8rement interviews et reportages, t\u00e9moignant de son impact artistique<\/p>\n\n\n\n<p class=\"has-text-align-left\">Jusqu\u2019en 2020, Mawndo\u00e9 partage sa vie et sa cr\u00e9ation entre la C\u00f4te d\u2019Ivoire, le Tchad, la France et le Burkina Faso. Parall\u00e8lement, il organise de grands \u00e9v\u00e9nements culturels, tels que festivals ou tourn\u00e9es, tout en s&rsquo;engageant activement aux c\u00f4t\u00e9s de jeunes artistes.<\/p>\n\n\n\n<p class=\"has-text-align-left\">A partie de 2021, il se fixe d\u00e9finitivement au Tchad, non pas pour ralentir, mais pour ancrer encore davantage son engagement artistique et social. Port\u00e9 par la conviction que l\u2019art peut \u00eatre un moteur de transformation, il d\u00e9veloppe des initiatives qui d\u00e9passent la simple cr\u00e9ation musicale.<\/p>\n\n\n\n<div class=\"wp-block-media-text alignwide is-stacked-on-mobile\" style=\"grid-template-columns:22% auto\"><figure class=\"wp-block-media-text__media\"><img decoding=\"async\" src=\"https:\/\/aunomdelart.net\/wp-content\/uploads\/2025\/02\/Photo-ne-pas-se-laisser-definir3.jpg\" alt=\"\" class=\"wp-image-587 size-full\"\/><\/figure><div class=\"wp-block-media-text__content\">\n<p><strong>Ne jamais se laisser d\u00e9finir<\/strong><\/p>\n\n\n\n<p>C\u2019est refuser d\u2019\u00eatre enferm\u00e9 par les attentes des autres ou m\u00eame de ses propres certitudes. C\u2019est refuser les \u00e9tiquettes musicales ou les standards du succ\u00e8s.<\/p>\n\n\n\n<p>C\u2019est faire \u00e9voluer son art et ses projets au fil des &nbsp;exp\u00e9riences, toujours en mouvement. C\u2019est refuser d\u2019\u00eatre r\u00e9duit \u00e0 une projection de l\u2019autre, quelque qu\u2019elle soit.<\/p>\n<\/div><\/div>\n\n\n\n<figure class=\"wp-block-pullquote\"><blockquote><p><mark style=\"background-color:rgba(0, 0, 0, 0);color:#5ba1c0\" class=\"has-inline-color\">Libre et engag\u00e9<\/mark><\/p><\/blockquote><\/figure>\n\n\n\n<div class=\"wp-block-media-text alignwide has-media-on-the-right is-stacked-on-mobile\" style=\"grid-template-columns:auto 21%\"><div class=\"wp-block-media-text__content\">\n<p>Lorsque le Covid fige le monde et suspend les projets, Mawndo\u00e9 est au Tchad, o\u00f9 une rencontre inattendue avec des femmes poti\u00e8res donne une nouvelle dimension&nbsp; \u00e0 son engagement \u00ab&nbsp;Au Nom de l\u2019art&nbsp;\u00bb.<\/p>\n\n\n\n<p>Si Mawndo\u00e9 s\u2019\u00e9tait d\u00e9j\u00e0 investi dans des actions solidaires, en construisant des puits ou en distribuant des denr\u00e9es, il choisit ici d\u2019aller plus loin en d\u00e9veloppant un concept d\u2019\u00e9conomie culturelle locale.<\/p>\n<\/div><figure class=\"wp-block-media-text__media\"><img decoding=\"async\" src=\"http:\/\/aunomdelart.net\/wp-content\/uploads\/2025\/02\/facebook_1731361878478_7261858052347850682.jpg\" alt=\"\" class=\"wp-image-588 size-full\"\/><\/figure><\/div>\n\n\n\n<p>Il fonde l\u2019association Au Nom de l\u2019Art et cr\u00e9e La Maison de l\u2019Argile \u00e0 Gaoui, un projet structurant qui englobe une biennale d\u00e9di\u00e9e \u00e0 l\u2019argile, des expoteries, des randonn\u00e9es artistiques, des rencontres culturelles et des formations pour cinquante femmes. Dans cette dynamique, il facilite l\u2019obtention de certificats de naissance, de papiers d\u2019identit\u00e9 et de comptes bancaires pour ces poti\u00e8res, tout en mettant en place un march\u00e9 pour la distribution de leurs \u0153uvres, leur offrant ainsi autonomie et reconnaissance.<\/p>\n\n\n\n<p>Ses projets, en partenariat avec l\u2019association fran\u00e7aise \u00ab&nbsp;Au Nom de l\u2019Art&nbsp;\u00bb&nbsp; lui vaudront le soutien d\u2019Acc\u00e8s Culture (Institut Fran\u00e7ais de Paris et Agence Fran\u00e7aise de D\u00e9veloppent)&nbsp; depuis 2021.<\/p>\n\n\n\n<p>Tout en poursuivant&nbsp; sa carri\u00e8re artistique en parall\u00e8le et il ouvre un autre centre culturel \u00ab&nbsp;Au Nom de l\u2019Art&nbsp;\u00bb \u00e0 Bakara au Tchad.<\/p>\n\n\n\n<p>Son centre est un lieu vivant o\u00f9 se croisent, jeunes, moins jeunes, personnalit\u00e9s civiles, artistes, observateurs engag\u00e9s. En participant ou en y organisant leurs \u00e9v\u00e9nements, ils int\u00e8grent la d\u00e9couverte de l\u2019art comme moyen d\u2019expression, de r\u00e9flexion et de dialogue, faisant de ce lieu un espace o\u00f9 culture et engagement social et intellectuel se rencontrent et dialoguent.<\/p>\n\n\n\n<figure class=\"wp-block-gallery has-nested-images columns-default is-cropped wp-block-gallery-1 is-layout-flex\">\n<figure class=\"wp-block-image size-large\"><img decoding=\"async\" loading=\"lazy\" width=\"1024\" height=\"767\" data-id=\"1180\"  src=\"https:\/\/talentsdailleurs.net\/wp-content\/uploads\/2025\/02\/WhatsApp-Image-2025-02-09-a-17.30.20_5f0b7457-1024x767.jpg\" alt=\"\" class=\"wp-image-1180\" srcset=\"https:\/\/talentsdailleurs.net\/wp-content\/uploads\/2025\/02\/WhatsApp-Image-2025-02-09-a-17.30.20_5f0b7457-1024x767.jpg 1024w, https:\/\/talentsdailleurs.net\/wp-content\/uploads\/2025\/02\/WhatsApp-Image-2025-02-09-a-17.30.20_5f0b7457-300x225.jpg 300w, https:\/\/talentsdailleurs.net\/wp-content\/uploads\/2025\/02\/WhatsApp-Image-2025-02-09-a-17.30.20_5f0b7457-768x575.jpg 768w, https:\/\/talentsdailleurs.net\/wp-content\/uploads\/2025\/02\/WhatsApp-Image-2025-02-09-a-17.30.20_5f0b7457.jpg 1280w\" sizes=\"(max-width: 1024px) 100vw, 1024px\" \/><\/figure>\n\n\n\n<figure class=\"wp-block-image size-large\"><img decoding=\"async\" loading=\"lazy\" width=\"960\" height=\"720\" data-id=\"1170\"  src=\"https:\/\/talentsdailleurs.net\/wp-content\/uploads\/2025\/02\/274751056_504342007713717_8754938785196417144_n.jpg\" alt=\"\" class=\"wp-image-1170\" srcset=\"https:\/\/talentsdailleurs.net\/wp-content\/uploads\/2025\/02\/274751056_504342007713717_8754938785196417144_n.jpg 960w, https:\/\/talentsdailleurs.net\/wp-content\/uploads\/2025\/02\/274751056_504342007713717_8754938785196417144_n-300x225.jpg 300w, https:\/\/talentsdailleurs.net\/wp-content\/uploads\/2025\/02\/274751056_504342007713717_8754938785196417144_n-768x576.jpg 768w\" sizes=\"(max-width: 960px) 100vw, 960px\" \/><\/figure>\n<\/figure>\n\n\n\n<div class=\"wp-block-file\"><a id=\"wp-block-file--media-f13a9d91-32b6-4f03-93e5-5d5824350e5e\" href=\"https:\/\/aunomdelart.net\/wp-content\/uploads\/2025\/02\/dossier-de-presse-fevrier-25-version-finale.pdf\">dossier-de-presse-fevrier-25-version-finale<\/a><a href=\"https:\/\/aunomdelart.net\/wp-content\/uploads\/2025\/02\/dossier-de-presse-fevrier-25-version-finale.pdf\" class=\"wp-block-file__button wp-element-button\" download aria-describedby=\"wp-block-file--media-f13a9d91-32b6-4f03-93e5-5d5824350e5e\">Download<\/a><\/div>\n\n\n\n<figure class=\"wp-block-pullquote\"><blockquote><p>Univers musical <\/p><\/blockquote><\/figure>\n\n\n\n<div class=\"wp-block-media-text alignwide is-stacked-on-mobile\" style=\"grid-template-columns:15% auto\"><figure class=\"wp-block-media-text__media\"><img decoding=\"async\" src=\"https:\/\/aunomdelart.net\/wp-content\/uploads\/2025\/02\/Image151-1-644x1024.jpg\" alt=\"\" class=\"wp-image-591 size-full\"\/><\/figure><div class=\"wp-block-media-text__content\">\n<p>Avant d\u2019\u00eatre musicien, Mawndo\u00e9 \u00e9tait sculpteur, fa\u00e7onnant le bois et le fer avec une pr\u00e9cision et une intensit\u00e9 qui impr\u00e8gnent aujourd\u2019hui sa musique. Sa voix, profonde et saisissante, porte les \u00e9chos du d\u00e9sert et des chants ancestraux, traversant fronti\u00e8res et langues pour toucher au plus pr\u00e8s des passions humaines.<\/p>\n\n\n\n<p>Son univers musical est une fusion subtile entre tradition et modernit\u00e9. Il m\u00eale les sonorit\u00e9s arabo-sah\u00e9liennes aux rythmes d\u2019Afrique centrale, teint\u00e9s de blues et de soul.<\/p>\n<\/div><\/div>\n\n\n\n<p>Son art se nourrit des rencontres et de sa r\u00e9flexion. Toujours en qu\u00eate de nouvelles textures sonores, Mawndo\u00e9 explore son univers, fa\u00e7onne sa musique et&nbsp; sculpte les mots.&nbsp; <\/p>\n\n\n\n<p>Ses textes, \u00e0 la crois\u00e9e de la po\u00e9sie et de l\u2019engagement, \u00e9voquent l\u2019exil, l\u2019amour, la libert\u00e9 et la r\u00e9silience.<\/p>\n\n\n\n<p><\/p>\n\n\n\n<p>Il chante en fran\u00e7ais, en arabe et en m\u2019gambaye, tissant des passerelles entre les cultures et les identit\u00e9s.<\/p>\n\n\n\n<p>Seul \u00e0 la guitare ou accompagn\u00e9 d\u2019un groupe, il insuffle une atmosph\u00e8re unique, avec une intensit\u00e9 brute et une \u00e9nergie dynamique, captant imm\u00e9diatement le public.<\/p>\n\n\n\n<p>Son parcours, en perp\u00e9tuelle \u00e9volution, t\u00e9moigne d\u2019une qu\u00eate sinc\u00e8re et profonde. Bien plus qu\u2019un musicien, il est un passeur de sens, un cr\u00e9ateur de liens, un artiste qui sculpte les \u00e2mes \u00e0 travers sa musique.<\/p>\n\n\n\n<div class=\"wp-block-media-text alignwide is-stacked-on-mobile\" style=\"grid-template-columns:29% auto\"><figure class=\"wp-block-media-text__media\"><img decoding=\"async\" loading=\"lazy\" width=\"498\" height=\"300\" src=\"http:\/\/talentsdailleurs.net\/wp-content\/uploads\/2025\/02\/visuel-mawndoe-groupe-500-par-300.png\" alt=\"\" class=\"wp-image-1179 size-full\" srcset=\"https:\/\/talentsdailleurs.net\/wp-content\/uploads\/2025\/02\/visuel-mawndoe-groupe-500-par-300.png 498w, https:\/\/talentsdailleurs.net\/wp-content\/uploads\/2025\/02\/visuel-mawndoe-groupe-500-par-300-300x181.png 300w\" sizes=\"(max-width: 498px) 100vw, 498px\" \/><\/figure><div class=\"wp-block-media-text__content\">\n<p><strong>Des rythmes pour tous, une r\u00e9sonance intime pour chacun<\/strong><\/p>\n\n\n\n<p>Rythm\u00e9es, dansantes ou empreintes de douceur et de m\u00e9lancolie, les chansons de Mawndo\u00e9 s\u2019adressent \u00e0 tous.<\/p>\n\n\n\n<p>Le public les reprend en ch\u0153ur lors de ses concerts ou les fredonne seul, comme emport\u00e9 par leur r\u00e9sonance.<\/p>\n\n\n\n<p>De nombreuses vid\u00e9os partag\u00e9es sur les r\u00e9seaux sociaux t\u00e9moignent de ces instants port\u00e9s par une \u00e9motion sinc\u00e8re et vibrante.<\/p>\n\n\n\n<p>Certaines de ses chansons vont plus loin encore : elles parlent aux \u00e2mes, touchant des profondeurs o\u00f9 les mots deviennent \u00e9cho.<\/p>\n<\/div><\/div>\n\n\n\n<figure class=\"wp-block-pullquote\"><blockquote><p>Production musicale<\/p><\/blockquote><\/figure>\n\n\n\n<div class=\"wp-block-media-text alignwide is-stacked-on-mobile\" style=\"grid-template-columns:22% auto\"><figure class=\"wp-block-media-text__media\"><img decoding=\"async\" loading=\"lazy\" width=\"681\" height=\"1024\" src=\"http:\/\/talentsdailleurs.net\/wp-content\/uploads\/2025\/02\/DSC_6470-1-681x1024.jpg\" alt=\"\" class=\"wp-image-1178 size-full\" srcset=\"https:\/\/talentsdailleurs.net\/wp-content\/uploads\/2025\/02\/DSC_6470-1-681x1024.jpg 681w, https:\/\/talentsdailleurs.net\/wp-content\/uploads\/2025\/02\/DSC_6470-1-199x300.jpg 199w, https:\/\/talentsdailleurs.net\/wp-content\/uploads\/2025\/02\/DSC_6470-1-768x1155.jpg 768w, https:\/\/talentsdailleurs.net\/wp-content\/uploads\/2025\/02\/DSC_6470-1-1021x1536.jpg 1021w, https:\/\/talentsdailleurs.net\/wp-content\/uploads\/2025\/02\/DSC_6470-1-1362x2048.jpg 1362w, https:\/\/talentsdailleurs.net\/wp-content\/uploads\/2025\/02\/DSC_6470-1-scaled.jpg 1702w\" sizes=\"(max-width: 681px) 100vw, 681px\" \/><\/figure><div class=\"wp-block-media-text__content\">\n<p><strong>Une discographie entre engagement et exploration<\/strong><\/p>\n\n\n\n<p>Depuis 2011, Mawndo\u00e9 trace sa route en solo apr\u00e8s cinq albums avec Yeleen.<\/p>\n\n\n\n<p>Et il a produit plus de 70 chansons, des dizaines de clips et 5 albums.<\/p>\n\n\n\n<p>Chaque disque est une \u00e9tape, un pont entre traditions et modernit\u00e9, o\u00f9 les sonorit\u00e9s arabo-sah\u00e9liennes rencontrent le blues et la soul.<\/p>\n\n\n\n<p>Chantant en fran\u00e7ais, en arabe et en mgambaye, il aborde l\u2019exil, l\u2019espoir, la libert\u00e9 et l\u2019amour avec des textes puissants et une voix qui touche. Entre morceaux intimistes et rythmes envo\u00fbtants, sa musique, toujours en mouvement, s\u00e9duit un public large et confirme son statut d\u2019artiste incontournable.<\/p>\n\n\n\n<p>\u00c0 travers ses albums, il collabore avec de nombreux musiciens et explore de nouvelles textures sonores, m\u00ealant instruments traditionnels et productions contemporaines.<\/p>\n\n\n\n<p>&nbsp;Sa discographie refl\u00e8te son \u00e9volution artistique, avec introspection et ouverture au monde, et t\u00e9moigne d\u2019un engagement constant pour une musique qui fait sens.<\/p>\n<\/div><\/div>\n\n\n\n<div class=\"wp-block-media-text alignwide has-media-on-the-right is-stacked-on-mobile\" style=\"grid-template-columns:auto 30%\"><div class=\"wp-block-media-text__content\">\n<p>\u2022<strong>DAARI (2011) <\/strong>: Entre doutes et urgence, est n\u00e9 son 1er album sous son nom <\/p>\n\n\n\n<p>\u2022<strong>Doum Pah &nbsp;(2013) <\/strong>Entre constats et remise en question, son deuxi\u00e8me album est&nbsp; r\u00e9alis\u00e9&nbsp;\u00e0 Montr\u00e9al avec le groupe H\u2019SAO en 2013. <\/p>\n\n\n\n<p>\u2022<strong>Ki Dan C (2014)&nbsp; : <\/strong>Entre r\u00eaves et passion, c\u2019est son 3\u00e8me album qui est r\u00e9alis\u00e9 au Tchad en 2014<\/p>\n\n\n\n<p> \u2022<strong>Nemay (2017) <\/strong>Entre amour et libert\u00e9, son 4\u00e8me album&nbsp; est r\u00e9alis\u00e9 entre la C\u00f4te d&rsquo;ivoire, le Tchad et le Burkina&nbsp;<\/p>\n\n\n\n<p> \u2022<strong>Au Nom de l\u2019Art (2021) <\/strong>Et le retour \u00e0 l\u2019essentiel avec son 5\u00e8me album&nbsp;<\/p>\n<\/div><figure class=\"wp-block-media-text__media\"><img decoding=\"async\" loading=\"lazy\" width=\"552\" height=\"577\" src=\"http:\/\/talentsdailleurs.net\/wp-content\/uploads\/2025\/02\/471594774_1193254182155826_8524022876494460067_n.jpg\" alt=\"\" class=\"wp-image-1165 size-full\" srcset=\"https:\/\/talentsdailleurs.net\/wp-content\/uploads\/2025\/02\/471594774_1193254182155826_8524022876494460067_n.jpg 552w, https:\/\/talentsdailleurs.net\/wp-content\/uploads\/2025\/02\/471594774_1193254182155826_8524022876494460067_n-287x300.jpg 287w\" sizes=\"(max-width: 552px) 100vw, 552px\" \/><\/figure><\/div>\n\n\n\n<div class=\"wp-block-buttons is-layout-flex\">\n<div class=\"wp-block-button\"><a class=\"wp-block-button__link wp-element-button\" href=\"https:\/\/aunomdelart.net\/index.php\/mawndoe\/\">Retour<\/a><\/div>\n<\/div>\n\n\n\n<p><\/p>\n\n\n\n<p><\/p>\n","protected":false},"excerpt":{"rendered":"<p>Mawndo\u00e9 : Un artiste libre Dossier de presse \u00e0 t\u00e9l\u00e9charger Mawndo\u00e9 est un artiste singulier de la sc\u00e8ne africaine, reconnu pour sa voix puissante et son engagement. Originaire du Tchad, le jeune Mawndo\u00e9 a choisi l\u2019exil pour vivre son art. Il se fixe comme sculpteur au Burkina Faso. Il fa\u00e7onne le bois et le fer &hellip; <a href=\"https:\/\/talentsdailleurs.net\/?p=1177\" class=\"more-link\">Continuer la lecture de <span class=\"screen-reader-text\">Un artiste libre<\/span>  <span class=\"meta-nav\">&rarr;<\/span><\/a><\/p>\n","protected":false},"author":1,"featured_media":0,"comment_status":"closed","ping_status":"open","sticky":false,"template":"","format":"standard","meta":[],"categories":[1],"tags":[],"_links":{"self":[{"href":"https:\/\/talentsdailleurs.net\/index.php?rest_route=\/wp\/v2\/posts\/1177"}],"collection":[{"href":"https:\/\/talentsdailleurs.net\/index.php?rest_route=\/wp\/v2\/posts"}],"about":[{"href":"https:\/\/talentsdailleurs.net\/index.php?rest_route=\/wp\/v2\/types\/post"}],"author":[{"embeddable":true,"href":"https:\/\/talentsdailleurs.net\/index.php?rest_route=\/wp\/v2\/users\/1"}],"replies":[{"embeddable":true,"href":"https:\/\/talentsdailleurs.net\/index.php?rest_route=%2Fwp%2Fv2%2Fcomments&post=1177"}],"version-history":[{"count":1,"href":"https:\/\/talentsdailleurs.net\/index.php?rest_route=\/wp\/v2\/posts\/1177\/revisions"}],"predecessor-version":[{"id":1183,"href":"https:\/\/talentsdailleurs.net\/index.php?rest_route=\/wp\/v2\/posts\/1177\/revisions\/1183"}],"wp:attachment":[{"href":"https:\/\/talentsdailleurs.net\/index.php?rest_route=%2Fwp%2Fv2%2Fmedia&parent=1177"}],"wp:term":[{"taxonomy":"category","embeddable":true,"href":"https:\/\/talentsdailleurs.net\/index.php?rest_route=%2Fwp%2Fv2%2Fcategories&post=1177"},{"taxonomy":"post_tag","embeddable":true,"href":"https:\/\/talentsdailleurs.net\/index.php?rest_route=%2Fwp%2Fv2%2Ftags&post=1177"}],"curies":[{"name":"wp","href":"https:\/\/api.w.org\/{rel}","templated":true}]}}